{"id":1003,"date":"2026-01-21T13:26:03","date_gmt":"2026-01-21T12:26:03","guid":{"rendered":"https:\/\/centrumdzwoni.pl\/?p=1003"},"modified":"2026-01-21T13:30:36","modified_gmt":"2026-01-21T12:30:36","slug":"sila-ktora-jest-w-nas-rozmowy-o-samoocenie-i-potencjale","status":"publish","type":"post","link":"https:\/\/centrumdzwoni.pl\/?p=1003","title":{"rendered":"Si\u0142a, kt\u00f3ra jest w Nas \u2013 rozmowy o samoocenie i potencjale"},"content":{"rendered":"\t\t<div data-elementor-type=\"wp-post\" data-elementor-id=\"1003\" class=\"elementor elementor-1003\">\n\t\t\t\t<div class=\"elementor-element elementor-element-437aa17 e-flex e-con-boxed e-con e-parent\" data-id=\"437aa17\" data-element_type=\"container\" data-e-type=\"container\">\n\t\t\t\t\t<div class=\"e-con-inner\">\n\t\t\t\t<div class=\"elementor-element elementor-element-52bfcb5 elementor-widget elementor-widget-text-editor\" data-id=\"52bfcb5\" data-element_type=\"widget\" data-e-type=\"widget\" data-widget_type=\"text-editor.default\">\n\t\t\t\t<div class=\"elementor-widget-container\">\n\t\t\t\t\t\t\t\t\t<p>Za nami kolejne spotkanie Uczestnik\u00f3w Centrum DZWONI, skierowane do os\u00f3b nieaktywnych zawodowo. By\u0142o to warto\u015bciowe i inspiruj\u0105ce wydarzenie, podczas kt\u00f3rego uczestnicy mieli okazj\u0119 porozmawia\u0107 o samoocenie, poczuciu w\u0142asnej warto\u015bci oraz odkrywaniu i wzmacnianiu swoich mocnych stron.<br \/>W trakcie spotkania Uczestnicy dzielili si\u0119 swoimi do\u015bwiadczeniami, przemy\u015bleniami i wyzwaniami, z jakimi mierz\u0105 si\u0119 na co dzie\u0144. Rozmowy dotyczy\u0142y m.in. tego, jak postrzegamy samych siebie, jak postrzegaj\u0105 Nas inni oraz w jaki spos\u00f3b mo\u017cna budowa\u0107 wi\u0119ksz\u0105 pewno\u015b\u0107 siebie. Szczeg\u00f3ln\u0105 uwag\u0119 po\u015bwi\u0119cono identyfikowaniu indywidualnych zasob\u00f3w i talent\u00f3w, kt\u00f3re mog\u0105 by\u0107 pomocne zar\u00f3wno w \u017cyciu prywatnym, jak i w przysz\u0142ej aktywizacji zawodowej.<br \/>Spotkanie przebiega\u0142o w atmosferze otwarto\u015bci, wzajemnego zrozumienia i wsparcia. Uczestnicy mieli przestrze\u0144 do swobodnej wymiany my\u015bli oraz do zauwa\u017cenia, jak wiele warto\u015bciowych umiej\u0119tno\u015bci i cech ju\u017c posiadaj\u0105. By\u0142 to czas sprzyjaj\u0105cy refleksji, motywacji oraz wzmacnianiu wiary we w\u0142asne mo\u017cliwo\u015bci.<\/p>\t\t\t\t\t\t\t\t<\/div>\n\t\t\t\t<\/div>\n\t\t\t\t\t<\/div>\n\t\t\t\t<\/div>\n\t\t<div class=\"elementor-element elementor-element-1b1af0b e-flex e-con-boxed e-con e-parent\" data-id=\"1b1af0b\" data-element_type=\"container\" data-e-type=\"container\">\n\t\t\t\t\t<div class=\"e-con-inner\">\n\t\t\t\t<div class=\"elementor-element elementor-element-b48687c elementor-widget elementor-widget-image\" data-id=\"b48687c\" data-element_type=\"widget\" data-e-type=\"widget\" data-widget_type=\"image.default\">\n\t\t\t\t<div class=\"elementor-widget-container\">\n\t\t\t\t\t\t\t\t\t\t\t\t\t\t\t<img fetchpriority=\"high\" decoding=\"async\" width=\"1000\" height=\"800\" src=\"https:\/\/centrumdzwoni.pl\/wp-content\/uploads\/2026\/01\/bytom-warsztaty.jpg\" class=\"attachment-full size-full wp-image-1004\" alt=\"\" srcset=\"https:\/\/centrumdzwoni.pl\/wp-content\/uploads\/2026\/01\/bytom-warsztaty.jpg 1000w, https:\/\/centrumdzwoni.pl\/wp-content\/uploads\/2026\/01\/bytom-warsztaty-300x240.jpg 300w, https:\/\/centrumdzwoni.pl\/wp-content\/uploads\/2026\/01\/bytom-warsztaty-768x614.jpg 768w\" sizes=\"(max-width: 1000px) 100vw, 1000px\" \/>\t\t\t\t\t\t\t\t\t\t\t\t\t\t\t<\/div>\n\t\t\t\t<\/div>\n\t\t\t\t\t<\/div>\n\t\t\t\t<\/div>\n\t\t<div class=\"elementor-element elementor-element-e35175a e-flex e-con-boxed e-con e-parent\" data-id=\"e35175a\" data-element_type=\"container\" data-e-type=\"container\">\n\t\t\t\t\t<div class=\"e-con-inner\">\n\t\t\t\t<div class=\"elementor-element elementor-element-49a5efe elementor-widget elementor-widget-image\" data-id=\"49a5efe\" data-element_type=\"widget\" data-e-type=\"widget\" data-widget_type=\"image.default\">\n\t\t\t\t<div class=\"elementor-widget-container\">\n\t\t\t\t\t\t\t\t\t\t\t\t\t\t\t<img decoding=\"async\" width=\"768\" height=\"235\" src=\"https:\/\/centrumdzwoni.pl\/wp-content\/uploads\/2025\/08\/CDZV_stopka-768x235.png\" class=\"attachment-medium_large size-medium_large wp-image-561\" alt=\"\" srcset=\"https:\/\/centrumdzwoni.pl\/wp-content\/uploads\/2025\/08\/CDZV_stopka-768x235.png 768w, https:\/\/centrumdzwoni.pl\/wp-content\/uploads\/2025\/08\/CDZV_stopka-300x92.png 300w, https:\/\/centrumdzwoni.pl\/wp-content\/uploads\/2025\/08\/CDZV_stopka-1024x313.png 1024w, https:\/\/centrumdzwoni.pl\/wp-content\/uploads\/2025\/08\/CDZV_stopka-1536x469.png 1536w, https:\/\/centrumdzwoni.pl\/wp-content\/uploads\/2025\/08\/CDZV_stopka-2048x625.png 2048w\" sizes=\"(max-width: 768px) 100vw, 768px\" \/>\t\t\t\t\t\t\t\t\t\t\t\t\t\t\t<\/div>\n\t\t\t\t<\/div>\n\t\t\t\t\t<\/div>\n\t\t\t\t<\/div>\n\t\t\t\t<\/div>\n\t\t","protected":false},"excerpt":{"rendered":"<p>Za nami kolejne spotkanie Uczestnik\u00f3w Centrum DZWONI, skierowane do os\u00f3b nieaktywnych zawodowo. By\u0142o to warto\u015bciowe i inspiruj\u0105ce wydarzenie, podczas kt\u00f3rego uczestnicy mieli okazj\u0119 porozmawia\u0107 o samoocenie, poczuciu w\u0142asnej warto\u015bci oraz odkrywaniu i wzmacnianiu swoich mocnych stron.W trakcie spotkania Uczestnicy dzielili si\u0119 swoimi do\u015bwiadczeniami, przemy\u015bleniami i wyzwaniami, z jakimi mierz\u0105 si\u0119 na co dzie\u0144. Rozmowy dotyczy\u0142y&hellip;&nbsp;<\/p>\n","protected":false},"author":2,"featured_media":1005,"comment_status":"open","ping_status":"open","sticky":false,"template":"","format":"standard","meta":{"neve_meta_sidebar":"full-width","neve_meta_container":"contained","neve_meta_enable_content_width":"","neve_meta_content_width":0,"neve_meta_title_alignment":"","neve_meta_author_avatar":"","neve_post_elements_order":"[\"title\",\"content\"]","neve_meta_disable_header":"","neve_meta_disable_footer":"","neve_meta_disable_title":"","footnotes":""},"categories":[1],"tags":[],"class_list":["post-1003","post","type-post","status-publish","format-standard","has-post-thumbnail","hentry","category-bez-kategorii"],"yoast_head":"<!-- This site is optimized with the Yoast SEO plugin v27.5 - https:\/\/yoast.com\/product\/yoast-seo-wordpress\/ -->\n<title>Si\u0142a, kt\u00f3ra jest w Nas \u2013 rozmowy o samoocenie i potencjale - Centrum Doradztwa Zawodowego i Wspierania Os\u00f3b z Niepe\u0142nosprawno\u015bci\u0105 Intelektualn\u0105<\/title>\n<meta name=\"robots\" content=\"index, follow, max-snippet:-1, max-image-preview:large, max-video-preview:-1\" \/>\n<link rel=\"canonical\" href=\"https:\/\/centrumdzwoni.pl\/?p=1003\" \/>\n<meta property=\"og:locale\" content=\"pl_PL\" \/>\n<meta property=\"og:type\" content=\"article\" \/>\n<meta property=\"og:title\" content=\"Si\u0142a, kt\u00f3ra jest w Nas \u2013 rozmowy o samoocenie i potencjale - Centrum Doradztwa Zawodowego i Wspierania Os\u00f3b z Niepe\u0142nosprawno\u015bci\u0105 Intelektualn\u0105\" \/>\n<meta property=\"og:description\" content=\"Za nami kolejne spotkanie Uczestnik\u00f3w Centrum DZWONI, skierowane do os\u00f3b nieaktywnych zawodowo. By\u0142o to warto\u015bciowe i inspiruj\u0105ce wydarzenie, podczas kt\u00f3rego uczestnicy mieli okazj\u0119 porozmawia\u0107 o samoocenie, poczuciu w\u0142asnej warto\u015bci oraz odkrywaniu i wzmacnianiu swoich mocnych stron.W trakcie spotkania Uczestnicy dzielili si\u0119 swoimi do\u015bwiadczeniami, przemy\u015bleniami i wyzwaniami, z jakimi mierz\u0105 si\u0119 na co dzie\u0144. Rozmowy dotyczy\u0142y&hellip;&nbsp;\" \/>\n<meta property=\"og:url\" content=\"https:\/\/centrumdzwoni.pl\/?p=1003\" \/>\n<meta property=\"og:site_name\" content=\"Centrum Doradztwa Zawodowego i Wspierania Os\u00f3b z Niepe\u0142nosprawno\u015bci\u0105 Intelektualn\u0105\" \/>\n<meta property=\"article:published_time\" content=\"2026-01-21T12:26:03+00:00\" \/>\n<meta property=\"article:modified_time\" content=\"2026-01-21T12:30:36+00:00\" \/>\n<meta property=\"og:image\" content=\"https:\/\/centrumdzwoni.pl\/wp-content\/uploads\/2026\/01\/MINIATURA-NEW-DZOWNI-1.jpg\" \/>\n\t<meta property=\"og:image:width\" content=\"450\" \/>\n\t<meta property=\"og:image:height\" content=\"337\" \/>\n\t<meta property=\"og:image:type\" content=\"image\/jpeg\" \/>\n<meta name=\"author\" content=\"Ewa Szafranek\" \/>\n<meta name=\"twitter:card\" content=\"summary_large_image\" \/>\n<meta name=\"twitter:label1\" content=\"Napisane przez\" \/>\n\t<meta name=\"twitter:data1\" content=\"Ewa Szafranek\" \/>\n\t<meta name=\"twitter:label2\" content=\"Szacowany czas czytania\" \/>\n\t<meta name=\"twitter:data2\" content=\"2 minuty\" \/>\n<script type=\"application\/ld+json\" class=\"yoast-schema-graph\">{\"@context\":\"https:\\\/\\\/schema.org\",\"@graph\":[{\"@type\":\"Article\",\"@id\":\"https:\\\/\\\/centrumdzwoni.pl\\\/?p=1003#article\",\"isPartOf\":{\"@id\":\"https:\\\/\\\/centrumdzwoni.pl\\\/?p=1003\"},\"author\":{\"name\":\"Ewa Szafranek\",\"@id\":\"https:\\\/\\\/centrumdzwoni.pl\\\/#\\\/schema\\\/person\\\/ff64994dd88c82aa929bd427387b5d0c\"},\"headline\":\"Si\u0142a, kt\u00f3ra jest w Nas \u2013 rozmowy o samoocenie i potencjale\",\"datePublished\":\"2026-01-21T12:26:03+00:00\",\"dateModified\":\"2026-01-21T12:30:36+00:00\",\"mainEntityOfPage\":{\"@id\":\"https:\\\/\\\/centrumdzwoni.pl\\\/?p=1003\"},\"wordCount\":182,\"commentCount\":0,\"publisher\":{\"@id\":\"https:\\\/\\\/centrumdzwoni.pl\\\/#organization\"},\"image\":{\"@id\":\"https:\\\/\\\/centrumdzwoni.pl\\\/?p=1003#primaryimage\"},\"thumbnailUrl\":\"https:\\\/\\\/centrumdzwoni.pl\\\/wp-content\\\/uploads\\\/2026\\\/01\\\/MINIATURA-NEW-DZOWNI-1.jpg\",\"inLanguage\":\"pl-PL\",\"potentialAction\":[{\"@type\":\"CommentAction\",\"name\":\"Comment\",\"target\":[\"https:\\\/\\\/centrumdzwoni.pl\\\/?p=1003#respond\"]}]},{\"@type\":\"WebPage\",\"@id\":\"https:\\\/\\\/centrumdzwoni.pl\\\/?p=1003\",\"url\":\"https:\\\/\\\/centrumdzwoni.pl\\\/?p=1003\",\"name\":\"Si\u0142a, kt\u00f3ra jest w Nas \u2013 rozmowy o samoocenie i potencjale - Centrum Doradztwa Zawodowego i Wspierania Os\u00f3b z Niepe\u0142nosprawno\u015bci\u0105 Intelektualn\u0105\",\"isPartOf\":{\"@id\":\"https:\\\/\\\/centrumdzwoni.pl\\\/#website\"},\"primaryImageOfPage\":{\"@id\":\"https:\\\/\\\/centrumdzwoni.pl\\\/?p=1003#primaryimage\"},\"image\":{\"@id\":\"https:\\\/\\\/centrumdzwoni.pl\\\/?p=1003#primaryimage\"},\"thumbnailUrl\":\"https:\\\/\\\/centrumdzwoni.pl\\\/wp-content\\\/uploads\\\/2026\\\/01\\\/MINIATURA-NEW-DZOWNI-1.jpg\",\"datePublished\":\"2026-01-21T12:26:03+00:00\",\"dateModified\":\"2026-01-21T12:30:36+00:00\",\"breadcrumb\":{\"@id\":\"https:\\\/\\\/centrumdzwoni.pl\\\/?p=1003#breadcrumb\"},\"inLanguage\":\"pl-PL\",\"potentialAction\":[{\"@type\":\"ReadAction\",\"target\":[\"https:\\\/\\\/centrumdzwoni.pl\\\/?p=1003\"]}]},{\"@type\":\"ImageObject\",\"inLanguage\":\"pl-PL\",\"@id\":\"https:\\\/\\\/centrumdzwoni.pl\\\/?p=1003#primaryimage\",\"url\":\"https:\\\/\\\/centrumdzwoni.pl\\\/wp-content\\\/uploads\\\/2026\\\/01\\\/MINIATURA-NEW-DZOWNI-1.jpg\",\"contentUrl\":\"https:\\\/\\\/centrumdzwoni.pl\\\/wp-content\\\/uploads\\\/2026\\\/01\\\/MINIATURA-NEW-DZOWNI-1.jpg\",\"width\":450,\"height\":337},{\"@type\":\"BreadcrumbList\",\"@id\":\"https:\\\/\\\/centrumdzwoni.pl\\\/?p=1003#breadcrumb\",\"itemListElement\":[{\"@type\":\"ListItem\",\"position\":1,\"name\":\"Home\",\"item\":\"https:\\\/\\\/centrumdzwoni.pl\\\/\"},{\"@type\":\"ListItem\",\"position\":2,\"name\":\"Si\u0142a, kt\u00f3ra jest w Nas \u2013 rozmowy o samoocenie i potencjale\"}]},{\"@type\":\"WebSite\",\"@id\":\"https:\\\/\\\/centrumdzwoni.pl\\\/#website\",\"url\":\"https:\\\/\\\/centrumdzwoni.pl\\\/\",\"name\":\"Centrum Doradztwa Zawodowego i Wspierania Os\u00f3b z Niepe\u0142nosprawno\u015bci\u0105 Intelektualn\u0105\",\"description\":\"\",\"publisher\":{\"@id\":\"https:\\\/\\\/centrumdzwoni.pl\\\/#organization\"},\"potentialAction\":[{\"@type\":\"SearchAction\",\"target\":{\"@type\":\"EntryPoint\",\"urlTemplate\":\"https:\\\/\\\/centrumdzwoni.pl\\\/?s={search_term_string}\"},\"query-input\":{\"@type\":\"PropertyValueSpecification\",\"valueRequired\":true,\"valueName\":\"search_term_string\"}}],\"inLanguage\":\"pl-PL\"},{\"@type\":\"Organization\",\"@id\":\"https:\\\/\\\/centrumdzwoni.pl\\\/#organization\",\"name\":\"Centrum Doradztwa Zawodowego i Wspierania Os\u00f3b z Niepe\u0142nosprawno\u015bci\u0105 Intelektualn\u0105\",\"url\":\"https:\\\/\\\/centrumdzwoni.pl\\\/\",\"logo\":{\"@type\":\"ImageObject\",\"inLanguage\":\"pl-PL\",\"@id\":\"https:\\\/\\\/centrumdzwoni.pl\\\/#\\\/schema\\\/logo\\\/image\\\/\",\"url\":\"https:\\\/\\\/centrumdzwoni.pl\\\/wp-content\\\/uploads\\\/2025\\\/08\\\/logo-agency.png\",\"contentUrl\":\"https:\\\/\\\/centrumdzwoni.pl\\\/wp-content\\\/uploads\\\/2025\\\/08\\\/logo-agency.png\",\"width\":200,\"height\":200,\"caption\":\"Centrum Doradztwa Zawodowego i Wspierania Os\u00f3b z Niepe\u0142nosprawno\u015bci\u0105 Intelektualn\u0105\"},\"image\":{\"@id\":\"https:\\\/\\\/centrumdzwoni.pl\\\/#\\\/schema\\\/logo\\\/image\\\/\"}},{\"@type\":\"Person\",\"@id\":\"https:\\\/\\\/centrumdzwoni.pl\\\/#\\\/schema\\\/person\\\/ff64994dd88c82aa929bd427387b5d0c\",\"name\":\"Ewa Szafranek\",\"image\":{\"@type\":\"ImageObject\",\"inLanguage\":\"pl-PL\",\"@id\":\"https:\\\/\\\/secure.gravatar.com\\\/avatar\\\/2381268678139c7b16f1e1084140b3e2374c9c9b2635000c0177e42777750fde?s=96&d=mm&r=g\",\"url\":\"https:\\\/\\\/secure.gravatar.com\\\/avatar\\\/2381268678139c7b16f1e1084140b3e2374c9c9b2635000c0177e42777750fde?s=96&d=mm&r=g\",\"contentUrl\":\"https:\\\/\\\/secure.gravatar.com\\\/avatar\\\/2381268678139c7b16f1e1084140b3e2374c9c9b2635000c0177e42777750fde?s=96&d=mm&r=g\",\"caption\":\"Ewa Szafranek\"},\"url\":\"https:\\\/\\\/centrumdzwoni.pl\\\/?author=2\"}]}<\/script>\n<!-- \/ Yoast SEO plugin. -->","yoast_head_json":{"title":"Si\u0142a, kt\u00f3ra jest w Nas \u2013 rozmowy o samoocenie i potencjale - Centrum Doradztwa Zawodowego i Wspierania Os\u00f3b z Niepe\u0142nosprawno\u015bci\u0105 Intelektualn\u0105","robots":{"index":"index","follow":"follow","max-snippet":"max-snippet:-1","max-image-preview":"max-image-preview:large","max-video-preview":"max-video-preview:-1"},"canonical":"https:\/\/centrumdzwoni.pl\/?p=1003","og_locale":"pl_PL","og_type":"article","og_title":"Si\u0142a, kt\u00f3ra jest w Nas \u2013 rozmowy o samoocenie i potencjale - Centrum Doradztwa Zawodowego i Wspierania Os\u00f3b z Niepe\u0142nosprawno\u015bci\u0105 Intelektualn\u0105","og_description":"Za nami kolejne spotkanie Uczestnik\u00f3w Centrum DZWONI, skierowane do os\u00f3b nieaktywnych zawodowo. By\u0142o to warto\u015bciowe i inspiruj\u0105ce wydarzenie, podczas kt\u00f3rego uczestnicy mieli okazj\u0119 porozmawia\u0107 o samoocenie, poczuciu w\u0142asnej warto\u015bci oraz odkrywaniu i wzmacnianiu swoich mocnych stron.W trakcie spotkania Uczestnicy dzielili si\u0119 swoimi do\u015bwiadczeniami, przemy\u015bleniami i wyzwaniami, z jakimi mierz\u0105 si\u0119 na co dzie\u0144. Rozmowy dotyczy\u0142y&hellip;&nbsp;","og_url":"https:\/\/centrumdzwoni.pl\/?p=1003","og_site_name":"Centrum Doradztwa Zawodowego i Wspierania Os\u00f3b z Niepe\u0142nosprawno\u015bci\u0105 Intelektualn\u0105","article_published_time":"2026-01-21T12:26:03+00:00","article_modified_time":"2026-01-21T12:30:36+00:00","og_image":[{"width":450,"height":337,"url":"https:\/\/centrumdzwoni.pl\/wp-content\/uploads\/2026\/01\/MINIATURA-NEW-DZOWNI-1.jpg","type":"image\/jpeg"}],"author":"Ewa Szafranek","twitter_card":"summary_large_image","twitter_misc":{"Napisane przez":"Ewa Szafranek","Szacowany czas czytania":"2 minuty"},"schema":{"@context":"https:\/\/schema.org","@graph":[{"@type":"Article","@id":"https:\/\/centrumdzwoni.pl\/?p=1003#article","isPartOf":{"@id":"https:\/\/centrumdzwoni.pl\/?p=1003"},"author":{"name":"Ewa Szafranek","@id":"https:\/\/centrumdzwoni.pl\/#\/schema\/person\/ff64994dd88c82aa929bd427387b5d0c"},"headline":"Si\u0142a, kt\u00f3ra jest w Nas \u2013 rozmowy o samoocenie i potencjale","datePublished":"2026-01-21T12:26:03+00:00","dateModified":"2026-01-21T12:30:36+00:00","mainEntityOfPage":{"@id":"https:\/\/centrumdzwoni.pl\/?p=1003"},"wordCount":182,"commentCount":0,"publisher":{"@id":"https:\/\/centrumdzwoni.pl\/#organization"},"image":{"@id":"https:\/\/centrumdzwoni.pl\/?p=1003#primaryimage"},"thumbnailUrl":"https:\/\/centrumdzwoni.pl\/wp-content\/uploads\/2026\/01\/MINIATURA-NEW-DZOWNI-1.jpg","inLanguage":"pl-PL","potentialAction":[{"@type":"CommentAction","name":"Comment","target":["https:\/\/centrumdzwoni.pl\/?p=1003#respond"]}]},{"@type":"WebPage","@id":"https:\/\/centrumdzwoni.pl\/?p=1003","url":"https:\/\/centrumdzwoni.pl\/?p=1003","name":"Si\u0142a, kt\u00f3ra jest w Nas \u2013 rozmowy o samoocenie i potencjale - Centrum Doradztwa Zawodowego i Wspierania Os\u00f3b z Niepe\u0142nosprawno\u015bci\u0105 Intelektualn\u0105","isPartOf":{"@id":"https:\/\/centrumdzwoni.pl\/#website"},"primaryImageOfPage":{"@id":"https:\/\/centrumdzwoni.pl\/?p=1003#primaryimage"},"image":{"@id":"https:\/\/centrumdzwoni.pl\/?p=1003#primaryimage"},"thumbnailUrl":"https:\/\/centrumdzwoni.pl\/wp-content\/uploads\/2026\/01\/MINIATURA-NEW-DZOWNI-1.jpg","datePublished":"2026-01-21T12:26:03+00:00","dateModified":"2026-01-21T12:30:36+00:00","breadcrumb":{"@id":"https:\/\/centrumdzwoni.pl\/?p=1003#breadcrumb"},"inLanguage":"pl-PL","potentialAction":[{"@type":"ReadAction","target":["https:\/\/centrumdzwoni.pl\/?p=1003"]}]},{"@type":"ImageObject","inLanguage":"pl-PL","@id":"https:\/\/centrumdzwoni.pl\/?p=1003#primaryimage","url":"https:\/\/centrumdzwoni.pl\/wp-content\/uploads\/2026\/01\/MINIATURA-NEW-DZOWNI-1.jpg","contentUrl":"https:\/\/centrumdzwoni.pl\/wp-content\/uploads\/2026\/01\/MINIATURA-NEW-DZOWNI-1.jpg","width":450,"height":337},{"@type":"BreadcrumbList","@id":"https:\/\/centrumdzwoni.pl\/?p=1003#breadcrumb","itemListElement":[{"@type":"ListItem","position":1,"name":"Home","item":"https:\/\/centrumdzwoni.pl\/"},{"@type":"ListItem","position":2,"name":"Si\u0142a, kt\u00f3ra jest w Nas \u2013 rozmowy o samoocenie i potencjale"}]},{"@type":"WebSite","@id":"https:\/\/centrumdzwoni.pl\/#website","url":"https:\/\/centrumdzwoni.pl\/","name":"Centrum Doradztwa Zawodowego i Wspierania Os\u00f3b z Niepe\u0142nosprawno\u015bci\u0105 Intelektualn\u0105","description":"","publisher":{"@id":"https:\/\/centrumdzwoni.pl\/#organization"},"potentialAction":[{"@type":"SearchAction","target":{"@type":"EntryPoint","urlTemplate":"https:\/\/centrumdzwoni.pl\/?s={search_term_string}"},"query-input":{"@type":"PropertyValueSpecification","valueRequired":true,"valueName":"search_term_string"}}],"inLanguage":"pl-PL"},{"@type":"Organization","@id":"https:\/\/centrumdzwoni.pl\/#organization","name":"Centrum Doradztwa Zawodowego i Wspierania Os\u00f3b z Niepe\u0142nosprawno\u015bci\u0105 Intelektualn\u0105","url":"https:\/\/centrumdzwoni.pl\/","logo":{"@type":"ImageObject","inLanguage":"pl-PL","@id":"https:\/\/centrumdzwoni.pl\/#\/schema\/logo\/image\/","url":"https:\/\/centrumdzwoni.pl\/wp-content\/uploads\/2025\/08\/logo-agency.png","contentUrl":"https:\/\/centrumdzwoni.pl\/wp-content\/uploads\/2025\/08\/logo-agency.png","width":200,"height":200,"caption":"Centrum Doradztwa Zawodowego i Wspierania Os\u00f3b z Niepe\u0142nosprawno\u015bci\u0105 Intelektualn\u0105"},"image":{"@id":"https:\/\/centrumdzwoni.pl\/#\/schema\/logo\/image\/"}},{"@type":"Person","@id":"https:\/\/centrumdzwoni.pl\/#\/schema\/person\/ff64994dd88c82aa929bd427387b5d0c","name":"Ewa Szafranek","image":{"@type":"ImageObject","inLanguage":"pl-PL","@id":"https:\/\/secure.gravatar.com\/avatar\/2381268678139c7b16f1e1084140b3e2374c9c9b2635000c0177e42777750fde?s=96&d=mm&r=g","url":"https:\/\/secure.gravatar.com\/avatar\/2381268678139c7b16f1e1084140b3e2374c9c9b2635000c0177e42777750fde?s=96&d=mm&r=g","contentUrl":"https:\/\/secure.gravatar.com\/avatar\/2381268678139c7b16f1e1084140b3e2374c9c9b2635000c0177e42777750fde?s=96&d=mm&r=g","caption":"Ewa Szafranek"},"url":"https:\/\/centrumdzwoni.pl\/?author=2"}]}},"_links":{"self":[{"href":"https:\/\/centrumdzwoni.pl\/index.php?rest_route=\/wp\/v2\/posts\/1003","targetHints":{"allow":["GET"]}}],"collection":[{"href":"https:\/\/centrumdzwoni.pl\/index.php?rest_route=\/wp\/v2\/posts"}],"about":[{"href":"https:\/\/centrumdzwoni.pl\/index.php?rest_route=\/wp\/v2\/types\/post"}],"author":[{"embeddable":true,"href":"https:\/\/centrumdzwoni.pl\/index.php?rest_route=\/wp\/v2\/users\/2"}],"replies":[{"embeddable":true,"href":"https:\/\/centrumdzwoni.pl\/index.php?rest_route=%2Fwp%2Fv2%2Fcomments&post=1003"}],"version-history":[{"count":4,"href":"https:\/\/centrumdzwoni.pl\/index.php?rest_route=\/wp\/v2\/posts\/1003\/revisions"}],"predecessor-version":[{"id":1010,"href":"https:\/\/centrumdzwoni.pl\/index.php?rest_route=\/wp\/v2\/posts\/1003\/revisions\/1010"}],"wp:featuredmedia":[{"embeddable":true,"href":"https:\/\/centrumdzwoni.pl\/index.php?rest_route=\/wp\/v2\/media\/1005"}],"wp:attachment":[{"href":"https:\/\/centrumdzwoni.pl\/index.php?rest_route=%2Fwp%2Fv2%2Fmedia&parent=1003"}],"wp:term":[{"taxonomy":"category","embeddable":true,"href":"https:\/\/centrumdzwoni.pl\/index.php?rest_route=%2Fwp%2Fv2%2Fcategories&post=1003"},{"taxonomy":"post_tag","embeddable":true,"href":"https:\/\/centrumdzwoni.pl\/index.php?rest_route=%2Fwp%2Fv2%2Ftags&post=1003"}],"curies":[{"name":"wp","href":"https:\/\/api.w.org\/{rel}","templated":true}]}}