{"id":1113,"date":"2026-04-01T17:48:37","date_gmt":"2026-04-01T15:48:37","guid":{"rendered":"https:\/\/centrumdzwoni.pl\/?p=1113"},"modified":"2026-04-01T18:06:58","modified_gmt":"2026-04-01T16:06:58","slug":"iii-okres-realizacji-centrum-dzwoni-v-zakonczony","status":"publish","type":"post","link":"https:\/\/centrumdzwoni.pl\/?p=1113","title":{"rendered":"III okres realizacji Centrum DZWONI V zako\u0144czony"},"content":{"rendered":"\t\t<div data-elementor-type=\"wp-post\" data-elementor-id=\"1113\" class=\"elementor elementor-1113\">\n\t\t\t\t\t\t<div class=\"elementor-element elementor-element-9ee1172 e-con e-atomic-element e-flexbox-base\" data-id=\"9ee1172\" data-element_type=\"e-flexbox\" data-e-type=\"e-flexbox\" data-interaction-id=\"9ee1172\">\n\t\t\t\t<\/div>\n\t\t<div class=\"elementor-element elementor-element-f234864 e-flex e-con-boxed e-con e-parent\" data-id=\"f234864\" data-element_type=\"container\" data-e-type=\"container\">\n\t\t\t\t\t<div class=\"e-con-inner\">\n\t\t\t\t<div class=\"elementor-element elementor-element-d7477b0 elementor-widget elementor-widget-text-editor\" data-id=\"d7477b0\" data-element_type=\"widget\" data-e-type=\"widget\" data-widget_type=\"text-editor.default\">\n\t\t\t\t<div class=\"elementor-widget-container\">\n\t\t\t\t\t\t\t\t\t<p>Zako\u0144czy\u0142 si\u0119 trzeci, ostatni rok realizacji projektu <br>\u201eCentrum Doradztwa Zawodowego i Wspierania Os\u00f3b z Niepe\u0142nosprawno\u015bci\u0105 Intelektualn\u0105 \u2013 <br>Centrum DZWONI V\u201d.<br>Centra DZWONI w:<br>Bytomiu, Gda\u0144sku, Jaros\u0142awiu, Ostr\u00f3dzie, Rzeszowie, Warszawie i Zgierzu <br>po raz kolejny pokaza\u0142y, \u017ce<br><strong>zatrudnienie wspomaganego jest skuteczne<\/strong>.<\/p>\n<p>Ilu osobom udzielili\u015bmy wsparcia?<br><strong>573 osobom<\/strong><\/p>\n<p>Ile godzin przepracowali specjali\u015bci?<br><strong>90&nbsp;000 godziny<\/strong><\/p>\n<p>Ile godzin wsparcia otrzyma\u0142 \u015brednio w ci\u0105gu roku 1 klient?<br><strong>163 godziny<\/strong><\/p>\n<p>Ile nowych os\u00f3b rozpocz\u0119\u0142o udzia\u0142 w projekcie?<br><strong>105 os\u00f3b<\/strong><\/p>\n<p>Ile os\u00f3b podj\u0119\u0142o zatrudnienie po raz pierwszy w projekcie?<br><strong>67 os\u00f3b<\/strong><\/p>\n<p>Ile os\u00f3b otrzyma\u0142o wsparcie w utrzymaniu zatrudnienia?<br><strong>461 os\u00f3b <\/strong><\/p>\n<p>Jeste\u015bmy dumni z osi\u0105gni\u0119tych wynik\u00f3w.<br>Dzi\u0119kujemy wszystkim za wsp\u00f3ln\u0105 prac\u0119 i zaanga\u017cowanie w tym intensywnym roku!<\/p>\t\t\t\t\t\t\t\t<\/div>\n\t\t\t\t<\/div>\n\t\t\t\t\t<\/div>\n\t\t\t\t<\/div>\n\t\t<div class=\"elementor-element elementor-element-b266de6 e-flex e-con-boxed e-con e-parent\" data-id=\"b266de6\" data-element_type=\"container\" data-e-type=\"container\">\n\t\t\t\t\t<div class=\"e-con-inner\">\n\t\t\t\t<div class=\"elementor-element elementor-element-3e5d5f2 elementor-widget elementor-widget-image\" data-id=\"3e5d5f2\" data-element_type=\"widget\" data-e-type=\"widget\" data-widget_type=\"image.default\">\n\t\t\t\t<div class=\"elementor-widget-container\">\n\t\t\t\t\t\t\t\t\t\t\t\t\t\t\t<img fetchpriority=\"high\" decoding=\"async\" width=\"768\" height=\"235\" src=\"https:\/\/centrumdzwoni.pl\/wp-content\/uploads\/2025\/08\/CDZV_stopka-768x235.png\" class=\"attachment-medium_large size-medium_large wp-image-561\" alt=\"\" srcset=\"https:\/\/centrumdzwoni.pl\/wp-content\/uploads\/2025\/08\/CDZV_stopka-768x235.png 768w, https:\/\/centrumdzwoni.pl\/wp-content\/uploads\/2025\/08\/CDZV_stopka-300x92.png 300w, https:\/\/centrumdzwoni.pl\/wp-content\/uploads\/2025\/08\/CDZV_stopka-1024x313.png 1024w, https:\/\/centrumdzwoni.pl\/wp-content\/uploads\/2025\/08\/CDZV_stopka-1536x469.png 1536w, https:\/\/centrumdzwoni.pl\/wp-content\/uploads\/2025\/08\/CDZV_stopka-2048x625.png 2048w\" sizes=\"(max-width: 768px) 100vw, 768px\" \/>\t\t\t\t\t\t\t\t\t\t\t\t\t\t\t<\/div>\n\t\t\t\t<\/div>\n\t\t\t\t\t<\/div>\n\t\t\t\t<\/div>\n\t\t\t\t<\/div>\n\t\t","protected":false},"excerpt":{"rendered":"<p>Zako\u0144czy\u0142 si\u0119 trzeci, ostatni rok realizacji projektu \u201eCentrum Doradztwa Zawodowego i Wspierania Os\u00f3b z Niepe\u0142nosprawno\u015bci\u0105 Intelektualn\u0105 \u2013 Centrum DZWONI V\u201d.Centra DZWONI w:Bytomiu, Gda\u0144sku, Jaros\u0142awiu, Ostr\u00f3dzie, Rzeszowie, Warszawie i Zgierzu po raz kolejny pokaza\u0142y, \u017cezatrudnienie wspomaganego jest skuteczne. Ilu osobom udzielili\u015bmy wsparcia?573 osobom Ile godzin przepracowali specjali\u015bci?90&nbsp;000 godziny Ile godzin wsparcia otrzyma\u0142 \u015brednio w ci\u0105gu roku&hellip;&nbsp;<\/p>\n","protected":false},"author":2,"featured_media":1124,"comment_status":"open","ping_status":"open","sticky":false,"template":"","format":"standard","meta":{"neve_meta_sidebar":"full-width","neve_meta_container":"contained","neve_meta_enable_content_width":"","neve_meta_content_width":0,"neve_meta_title_alignment":"","neve_meta_author_avatar":"","neve_post_elements_order":"[\"title\",\"content\"]","neve_meta_disable_header":"","neve_meta_disable_footer":"","neve_meta_disable_title":"","footnotes":""},"categories":[1],"tags":[],"class_list":["post-1113","post","type-post","status-publish","format-standard","has-post-thumbnail","hentry","category-bez-kategorii"],"yoast_head":"<!-- This site is optimized with the Yoast SEO plugin v27.5 - https:\/\/yoast.com\/product\/yoast-seo-wordpress\/ -->\n<title>III okres realizacji Centrum DZWONI V zako\u0144czony - Centrum Doradztwa Zawodowego i Wspierania Os\u00f3b z Niepe\u0142nosprawno\u015bci\u0105 Intelektualn\u0105<\/title>\n<meta name=\"robots\" content=\"index, follow, max-snippet:-1, max-image-preview:large, max-video-preview:-1\" \/>\n<link rel=\"canonical\" href=\"https:\/\/centrumdzwoni.pl\/?p=1113\" \/>\n<meta property=\"og:locale\" content=\"pl_PL\" \/>\n<meta property=\"og:type\" content=\"article\" \/>\n<meta property=\"og:title\" content=\"III okres realizacji Centrum DZWONI V zako\u0144czony - Centrum Doradztwa Zawodowego i Wspierania Os\u00f3b z Niepe\u0142nosprawno\u015bci\u0105 Intelektualn\u0105\" \/>\n<meta property=\"og:description\" content=\"Zako\u0144czy\u0142 si\u0119 trzeci, ostatni rok realizacji projektu \u201eCentrum Doradztwa Zawodowego i Wspierania Os\u00f3b z Niepe\u0142nosprawno\u015bci\u0105 Intelektualn\u0105 \u2013 Centrum DZWONI V\u201d.Centra DZWONI w:Bytomiu, Gda\u0144sku, Jaros\u0142awiu, Ostr\u00f3dzie, Rzeszowie, Warszawie i Zgierzu po raz kolejny pokaza\u0142y, \u017cezatrudnienie wspomaganego jest skuteczne. Ilu osobom udzielili\u015bmy wsparcia?573 osobom Ile godzin przepracowali specjali\u015bci?90&nbsp;000 godziny Ile godzin wsparcia otrzyma\u0142 \u015brednio w ci\u0105gu roku&hellip;&nbsp;\" \/>\n<meta property=\"og:url\" content=\"https:\/\/centrumdzwoni.pl\/?p=1113\" \/>\n<meta property=\"og:site_name\" content=\"Centrum Doradztwa Zawodowego i Wspierania Os\u00f3b z Niepe\u0142nosprawno\u015bci\u0105 Intelektualn\u0105\" \/>\n<meta property=\"article:published_time\" content=\"2026-04-01T15:48:37+00:00\" \/>\n<meta property=\"article:modified_time\" content=\"2026-04-01T16:06:58+00:00\" \/>\n<meta property=\"og:image\" content=\"https:\/\/centrumdzwoni.pl\/wp-content\/uploads\/2026\/04\/MINIATURA-NEW-DZOWNI-1.jpg\" \/>\n\t<meta property=\"og:image:width\" content=\"450\" \/>\n\t<meta property=\"og:image:height\" content=\"337\" \/>\n\t<meta property=\"og:image:type\" content=\"image\/jpeg\" \/>\n<meta name=\"author\" content=\"Ewa Szafranek\" \/>\n<meta name=\"twitter:card\" content=\"summary_large_image\" \/>\n<meta name=\"twitter:label1\" content=\"Napisane przez\" \/>\n\t<meta name=\"twitter:data1\" content=\"Ewa Szafranek\" \/>\n\t<meta name=\"twitter:label2\" content=\"Szacowany czas czytania\" \/>\n\t<meta name=\"twitter:data2\" content=\"1 minuta\" \/>\n<script type=\"application\/ld+json\" class=\"yoast-schema-graph\">{\"@context\":\"https:\\\/\\\/schema.org\",\"@graph\":[{\"@type\":\"Article\",\"@id\":\"https:\\\/\\\/centrumdzwoni.pl\\\/?p=1113#article\",\"isPartOf\":{\"@id\":\"https:\\\/\\\/centrumdzwoni.pl\\\/?p=1113\"},\"author\":{\"name\":\"Ewa Szafranek\",\"@id\":\"https:\\\/\\\/centrumdzwoni.pl\\\/#\\\/schema\\\/person\\\/ff64994dd88c82aa929bd427387b5d0c\"},\"headline\":\"III okres realizacji Centrum DZWONI V zako\u0144czony\",\"datePublished\":\"2026-04-01T15:48:37+00:00\",\"dateModified\":\"2026-04-01T16:06:58+00:00\",\"mainEntityOfPage\":{\"@id\":\"https:\\\/\\\/centrumdzwoni.pl\\\/?p=1113\"},\"wordCount\":137,\"commentCount\":0,\"publisher\":{\"@id\":\"https:\\\/\\\/centrumdzwoni.pl\\\/#organization\"},\"image\":{\"@id\":\"https:\\\/\\\/centrumdzwoni.pl\\\/?p=1113#primaryimage\"},\"thumbnailUrl\":\"https:\\\/\\\/centrumdzwoni.pl\\\/wp-content\\\/uploads\\\/2026\\\/04\\\/MINIATURA-NEW-DZOWNI-1.jpg\",\"inLanguage\":\"pl-PL\",\"potentialAction\":[{\"@type\":\"CommentAction\",\"name\":\"Comment\",\"target\":[\"https:\\\/\\\/centrumdzwoni.pl\\\/?p=1113#respond\"]}]},{\"@type\":\"WebPage\",\"@id\":\"https:\\\/\\\/centrumdzwoni.pl\\\/?p=1113\",\"url\":\"https:\\\/\\\/centrumdzwoni.pl\\\/?p=1113\",\"name\":\"III okres realizacji Centrum DZWONI V zako\u0144czony - Centrum Doradztwa Zawodowego i Wspierania Os\u00f3b z Niepe\u0142nosprawno\u015bci\u0105 Intelektualn\u0105\",\"isPartOf\":{\"@id\":\"https:\\\/\\\/centrumdzwoni.pl\\\/#website\"},\"primaryImageOfPage\":{\"@id\":\"https:\\\/\\\/centrumdzwoni.pl\\\/?p=1113#primaryimage\"},\"image\":{\"@id\":\"https:\\\/\\\/centrumdzwoni.pl\\\/?p=1113#primaryimage\"},\"thumbnailUrl\":\"https:\\\/\\\/centrumdzwoni.pl\\\/wp-content\\\/uploads\\\/2026\\\/04\\\/MINIATURA-NEW-DZOWNI-1.jpg\",\"datePublished\":\"2026-04-01T15:48:37+00:00\",\"dateModified\":\"2026-04-01T16:06:58+00:00\",\"breadcrumb\":{\"@id\":\"https:\\\/\\\/centrumdzwoni.pl\\\/?p=1113#breadcrumb\"},\"inLanguage\":\"pl-PL\",\"potentialAction\":[{\"@type\":\"ReadAction\",\"target\":[\"https:\\\/\\\/centrumdzwoni.pl\\\/?p=1113\"]}]},{\"@type\":\"ImageObject\",\"inLanguage\":\"pl-PL\",\"@id\":\"https:\\\/\\\/centrumdzwoni.pl\\\/?p=1113#primaryimage\",\"url\":\"https:\\\/\\\/centrumdzwoni.pl\\\/wp-content\\\/uploads\\\/2026\\\/04\\\/MINIATURA-NEW-DZOWNI-1.jpg\",\"contentUrl\":\"https:\\\/\\\/centrumdzwoni.pl\\\/wp-content\\\/uploads\\\/2026\\\/04\\\/MINIATURA-NEW-DZOWNI-1.jpg\",\"width\":450,\"height\":337},{\"@type\":\"BreadcrumbList\",\"@id\":\"https:\\\/\\\/centrumdzwoni.pl\\\/?p=1113#breadcrumb\",\"itemListElement\":[{\"@type\":\"ListItem\",\"position\":1,\"name\":\"Home\",\"item\":\"https:\\\/\\\/centrumdzwoni.pl\\\/\"},{\"@type\":\"ListItem\",\"position\":2,\"name\":\"III okres realizacji Centrum DZWONI V zako\u0144czony\"}]},{\"@type\":\"WebSite\",\"@id\":\"https:\\\/\\\/centrumdzwoni.pl\\\/#website\",\"url\":\"https:\\\/\\\/centrumdzwoni.pl\\\/\",\"name\":\"Centrum Doradztwa Zawodowego i Wspierania Os\u00f3b z Niepe\u0142nosprawno\u015bci\u0105 Intelektualn\u0105\",\"description\":\"\",\"publisher\":{\"@id\":\"https:\\\/\\\/centrumdzwoni.pl\\\/#organization\"},\"potentialAction\":[{\"@type\":\"SearchAction\",\"target\":{\"@type\":\"EntryPoint\",\"urlTemplate\":\"https:\\\/\\\/centrumdzwoni.pl\\\/?s={search_term_string}\"},\"query-input\":{\"@type\":\"PropertyValueSpecification\",\"valueRequired\":true,\"valueName\":\"search_term_string\"}}],\"inLanguage\":\"pl-PL\"},{\"@type\":\"Organization\",\"@id\":\"https:\\\/\\\/centrumdzwoni.pl\\\/#organization\",\"name\":\"Centrum Doradztwa Zawodowego i Wspierania Os\u00f3b z Niepe\u0142nosprawno\u015bci\u0105 Intelektualn\u0105\",\"url\":\"https:\\\/\\\/centrumdzwoni.pl\\\/\",\"logo\":{\"@type\":\"ImageObject\",\"inLanguage\":\"pl-PL\",\"@id\":\"https:\\\/\\\/centrumdzwoni.pl\\\/#\\\/schema\\\/logo\\\/image\\\/\",\"url\":\"https:\\\/\\\/centrumdzwoni.pl\\\/wp-content\\\/uploads\\\/2025\\\/08\\\/logo-agency.png\",\"contentUrl\":\"https:\\\/\\\/centrumdzwoni.pl\\\/wp-content\\\/uploads\\\/2025\\\/08\\\/logo-agency.png\",\"width\":200,\"height\":200,\"caption\":\"Centrum Doradztwa Zawodowego i Wspierania Os\u00f3b z Niepe\u0142nosprawno\u015bci\u0105 Intelektualn\u0105\"},\"image\":{\"@id\":\"https:\\\/\\\/centrumdzwoni.pl\\\/#\\\/schema\\\/logo\\\/image\\\/\"}},{\"@type\":\"Person\",\"@id\":\"https:\\\/\\\/centrumdzwoni.pl\\\/#\\\/schema\\\/person\\\/ff64994dd88c82aa929bd427387b5d0c\",\"name\":\"Ewa Szafranek\",\"image\":{\"@type\":\"ImageObject\",\"inLanguage\":\"pl-PL\",\"@id\":\"https:\\\/\\\/secure.gravatar.com\\\/avatar\\\/2381268678139c7b16f1e1084140b3e2374c9c9b2635000c0177e42777750fde?s=96&d=mm&r=g\",\"url\":\"https:\\\/\\\/secure.gravatar.com\\\/avatar\\\/2381268678139c7b16f1e1084140b3e2374c9c9b2635000c0177e42777750fde?s=96&d=mm&r=g\",\"contentUrl\":\"https:\\\/\\\/secure.gravatar.com\\\/avatar\\\/2381268678139c7b16f1e1084140b3e2374c9c9b2635000c0177e42777750fde?s=96&d=mm&r=g\",\"caption\":\"Ewa Szafranek\"},\"url\":\"https:\\\/\\\/centrumdzwoni.pl\\\/?author=2\"}]}<\/script>\n<!-- \/ Yoast SEO plugin. -->","yoast_head_json":{"title":"III okres realizacji Centrum DZWONI V zako\u0144czony - Centrum Doradztwa Zawodowego i Wspierania Os\u00f3b z Niepe\u0142nosprawno\u015bci\u0105 Intelektualn\u0105","robots":{"index":"index","follow":"follow","max-snippet":"max-snippet:-1","max-image-preview":"max-image-preview:large","max-video-preview":"max-video-preview:-1"},"canonical":"https:\/\/centrumdzwoni.pl\/?p=1113","og_locale":"pl_PL","og_type":"article","og_title":"III okres realizacji Centrum DZWONI V zako\u0144czony - Centrum Doradztwa Zawodowego i Wspierania Os\u00f3b z Niepe\u0142nosprawno\u015bci\u0105 Intelektualn\u0105","og_description":"Zako\u0144czy\u0142 si\u0119 trzeci, ostatni rok realizacji projektu \u201eCentrum Doradztwa Zawodowego i Wspierania Os\u00f3b z Niepe\u0142nosprawno\u015bci\u0105 Intelektualn\u0105 \u2013 Centrum DZWONI V\u201d.Centra DZWONI w:Bytomiu, Gda\u0144sku, Jaros\u0142awiu, Ostr\u00f3dzie, Rzeszowie, Warszawie i Zgierzu po raz kolejny pokaza\u0142y, \u017cezatrudnienie wspomaganego jest skuteczne. Ilu osobom udzielili\u015bmy wsparcia?573 osobom Ile godzin przepracowali specjali\u015bci?90&nbsp;000 godziny Ile godzin wsparcia otrzyma\u0142 \u015brednio w ci\u0105gu roku&hellip;&nbsp;","og_url":"https:\/\/centrumdzwoni.pl\/?p=1113","og_site_name":"Centrum Doradztwa Zawodowego i Wspierania Os\u00f3b z Niepe\u0142nosprawno\u015bci\u0105 Intelektualn\u0105","article_published_time":"2026-04-01T15:48:37+00:00","article_modified_time":"2026-04-01T16:06:58+00:00","og_image":[{"width":450,"height":337,"url":"https:\/\/centrumdzwoni.pl\/wp-content\/uploads\/2026\/04\/MINIATURA-NEW-DZOWNI-1.jpg","type":"image\/jpeg"}],"author":"Ewa Szafranek","twitter_card":"summary_large_image","twitter_misc":{"Napisane przez":"Ewa Szafranek","Szacowany czas czytania":"1 minuta"},"schema":{"@context":"https:\/\/schema.org","@graph":[{"@type":"Article","@id":"https:\/\/centrumdzwoni.pl\/?p=1113#article","isPartOf":{"@id":"https:\/\/centrumdzwoni.pl\/?p=1113"},"author":{"name":"Ewa Szafranek","@id":"https:\/\/centrumdzwoni.pl\/#\/schema\/person\/ff64994dd88c82aa929bd427387b5d0c"},"headline":"III okres realizacji Centrum DZWONI V zako\u0144czony","datePublished":"2026-04-01T15:48:37+00:00","dateModified":"2026-04-01T16:06:58+00:00","mainEntityOfPage":{"@id":"https:\/\/centrumdzwoni.pl\/?p=1113"},"wordCount":137,"commentCount":0,"publisher":{"@id":"https:\/\/centrumdzwoni.pl\/#organization"},"image":{"@id":"https:\/\/centrumdzwoni.pl\/?p=1113#primaryimage"},"thumbnailUrl":"https:\/\/centrumdzwoni.pl\/wp-content\/uploads\/2026\/04\/MINIATURA-NEW-DZOWNI-1.jpg","inLanguage":"pl-PL","potentialAction":[{"@type":"CommentAction","name":"Comment","target":["https:\/\/centrumdzwoni.pl\/?p=1113#respond"]}]},{"@type":"WebPage","@id":"https:\/\/centrumdzwoni.pl\/?p=1113","url":"https:\/\/centrumdzwoni.pl\/?p=1113","name":"III okres realizacji Centrum DZWONI V zako\u0144czony - Centrum Doradztwa Zawodowego i Wspierania Os\u00f3b z Niepe\u0142nosprawno\u015bci\u0105 Intelektualn\u0105","isPartOf":{"@id":"https:\/\/centrumdzwoni.pl\/#website"},"primaryImageOfPage":{"@id":"https:\/\/centrumdzwoni.pl\/?p=1113#primaryimage"},"image":{"@id":"https:\/\/centrumdzwoni.pl\/?p=1113#primaryimage"},"thumbnailUrl":"https:\/\/centrumdzwoni.pl\/wp-content\/uploads\/2026\/04\/MINIATURA-NEW-DZOWNI-1.jpg","datePublished":"2026-04-01T15:48:37+00:00","dateModified":"2026-04-01T16:06:58+00:00","breadcrumb":{"@id":"https:\/\/centrumdzwoni.pl\/?p=1113#breadcrumb"},"inLanguage":"pl-PL","potentialAction":[{"@type":"ReadAction","target":["https:\/\/centrumdzwoni.pl\/?p=1113"]}]},{"@type":"ImageObject","inLanguage":"pl-PL","@id":"https:\/\/centrumdzwoni.pl\/?p=1113#primaryimage","url":"https:\/\/centrumdzwoni.pl\/wp-content\/uploads\/2026\/04\/MINIATURA-NEW-DZOWNI-1.jpg","contentUrl":"https:\/\/centrumdzwoni.pl\/wp-content\/uploads\/2026\/04\/MINIATURA-NEW-DZOWNI-1.jpg","width":450,"height":337},{"@type":"BreadcrumbList","@id":"https:\/\/centrumdzwoni.pl\/?p=1113#breadcrumb","itemListElement":[{"@type":"ListItem","position":1,"name":"Home","item":"https:\/\/centrumdzwoni.pl\/"},{"@type":"ListItem","position":2,"name":"III okres realizacji Centrum DZWONI V zako\u0144czony"}]},{"@type":"WebSite","@id":"https:\/\/centrumdzwoni.pl\/#website","url":"https:\/\/centrumdzwoni.pl\/","name":"Centrum Doradztwa Zawodowego i Wspierania Os\u00f3b z Niepe\u0142nosprawno\u015bci\u0105 Intelektualn\u0105","description":"","publisher":{"@id":"https:\/\/centrumdzwoni.pl\/#organization"},"potentialAction":[{"@type":"SearchAction","target":{"@type":"EntryPoint","urlTemplate":"https:\/\/centrumdzwoni.pl\/?s={search_term_string}"},"query-input":{"@type":"PropertyValueSpecification","valueRequired":true,"valueName":"search_term_string"}}],"inLanguage":"pl-PL"},{"@type":"Organization","@id":"https:\/\/centrumdzwoni.pl\/#organization","name":"Centrum Doradztwa Zawodowego i Wspierania Os\u00f3b z Niepe\u0142nosprawno\u015bci\u0105 Intelektualn\u0105","url":"https:\/\/centrumdzwoni.pl\/","logo":{"@type":"ImageObject","inLanguage":"pl-PL","@id":"https:\/\/centrumdzwoni.pl\/#\/schema\/logo\/image\/","url":"https:\/\/centrumdzwoni.pl\/wp-content\/uploads\/2025\/08\/logo-agency.png","contentUrl":"https:\/\/centrumdzwoni.pl\/wp-content\/uploads\/2025\/08\/logo-agency.png","width":200,"height":200,"caption":"Centrum Doradztwa Zawodowego i Wspierania Os\u00f3b z Niepe\u0142nosprawno\u015bci\u0105 Intelektualn\u0105"},"image":{"@id":"https:\/\/centrumdzwoni.pl\/#\/schema\/logo\/image\/"}},{"@type":"Person","@id":"https:\/\/centrumdzwoni.pl\/#\/schema\/person\/ff64994dd88c82aa929bd427387b5d0c","name":"Ewa Szafranek","image":{"@type":"ImageObject","inLanguage":"pl-PL","@id":"https:\/\/secure.gravatar.com\/avatar\/2381268678139c7b16f1e1084140b3e2374c9c9b2635000c0177e42777750fde?s=96&d=mm&r=g","url":"https:\/\/secure.gravatar.com\/avatar\/2381268678139c7b16f1e1084140b3e2374c9c9b2635000c0177e42777750fde?s=96&d=mm&r=g","contentUrl":"https:\/\/secure.gravatar.com\/avatar\/2381268678139c7b16f1e1084140b3e2374c9c9b2635000c0177e42777750fde?s=96&d=mm&r=g","caption":"Ewa Szafranek"},"url":"https:\/\/centrumdzwoni.pl\/?author=2"}]}},"_links":{"self":[{"href":"https:\/\/centrumdzwoni.pl\/index.php?rest_route=\/wp\/v2\/posts\/1113","targetHints":{"allow":["GET"]}}],"collection":[{"href":"https:\/\/centrumdzwoni.pl\/index.php?rest_route=\/wp\/v2\/posts"}],"about":[{"href":"https:\/\/centrumdzwoni.pl\/index.php?rest_route=\/wp\/v2\/types\/post"}],"author":[{"embeddable":true,"href":"https:\/\/centrumdzwoni.pl\/index.php?rest_route=\/wp\/v2\/users\/2"}],"replies":[{"embeddable":true,"href":"https:\/\/centrumdzwoni.pl\/index.php?rest_route=%2Fwp%2Fv2%2Fcomments&post=1113"}],"version-history":[{"count":13,"href":"https:\/\/centrumdzwoni.pl\/index.php?rest_route=\/wp\/v2\/posts\/1113\/revisions"}],"predecessor-version":[{"id":1131,"href":"https:\/\/centrumdzwoni.pl\/index.php?rest_route=\/wp\/v2\/posts\/1113\/revisions\/1131"}],"wp:featuredmedia":[{"embeddable":true,"href":"https:\/\/centrumdzwoni.pl\/index.php?rest_route=\/wp\/v2\/media\/1124"}],"wp:attachment":[{"href":"https:\/\/centrumdzwoni.pl\/index.php?rest_route=%2Fwp%2Fv2%2Fmedia&parent=1113"}],"wp:term":[{"taxonomy":"category","embeddable":true,"href":"https:\/\/centrumdzwoni.pl\/index.php?rest_route=%2Fwp%2Fv2%2Fcategories&post=1113"},{"taxonomy":"post_tag","embeddable":true,"href":"https:\/\/centrumdzwoni.pl\/index.php?rest_route=%2Fwp%2Fv2%2Ftags&post=1113"}],"curies":[{"name":"wp","href":"https:\/\/api.w.org\/{rel}","templated":true}]}}