{"id":313,"date":"2025-09-11T10:14:12","date_gmt":"2025-09-11T08:14:12","guid":{"rendered":"https:\/\/centrumdzwoni.pl\/?p=313"},"modified":"2025-09-16T09:23:05","modified_gmt":"2025-09-16T07:23:05","slug":"gielda-pracy-w-rzeszowie","status":"publish","type":"post","link":"https:\/\/centrumdzwoni.pl\/?p=313","title":{"rendered":"Gie\u0142da Pracy w Rzeszowie"},"content":{"rendered":"\t\t<div data-elementor-type=\"wp-post\" data-elementor-id=\"313\" class=\"elementor elementor-313\">\n\t\t\t\t<div class=\"elementor-element elementor-element-efb4cd8 e-flex e-con-boxed e-con e-parent\" data-id=\"efb4cd8\" data-element_type=\"container\" data-e-type=\"container\">\n\t\t\t\t\t<div class=\"e-con-inner\">\n\t\t\t\t<div class=\"elementor-element elementor-element-3adbb63 elementor-widget elementor-widget-text-editor\" data-id=\"3adbb63\" data-element_type=\"widget\" data-e-type=\"widget\" data-widget_type=\"text-editor.default\">\n\t\t\t\t<div class=\"elementor-widget-container\">\n\t\t\t\t\t\t\t\t\t<p>10 wrze\u015bnia w ramach grupowych warsztat\u00f3w doradczych, klienci Centrum DZWONI poszukuj\u0105cy zatrudnienia, mieli okazj\u0119 sprawdzi\u0107 swoje umiej\u0119tno\u015bci autoprezentacji we wst\u0119pnych rozmowach o prac\u0119. Rozmowy odbywa\u0142y si\u0119 podczas Gie\u0142dy o Prac\u0119 dla Os\u00f3b z Niepe\u0142nosprawno\u015bciami. Organizatorzy gie\u0142dy, czyli Powiatowy Urz\u0105d Pracy w Rzeszowie i Podkarpacki Oddzia\u0142 Pa\u0144stwowego Funduszu Rehabilitacji Os\u00f3b Niepe\u0142nosprawnych, zadbali o dobr\u0105 atmosfer\u0119 oraz przestrze\u0144 do zapoznania si\u0119 z ofertami lokalnego rynku pracy i przeprowadzania rozm\u00f3w kwalifikacyjnych. Niekt\u00f3rzy z klient\u00f3w Centrum DZWONI mieli mo\u017cliwo\u015b\u0107 uczestniczenia w wywiadzie prowadzonym przez telewizj\u0119 TVP3 Rzesz\u00f3w!<\/p><p>Mamy nadziej\u0119, \u017ce tegoroczna Gie\u0142da Pracy i zdobyte w trakcie jej trwania do\u015bwiadczenia i nowe kontakty, zaprocentuj\u0105 wsp\u00f3\u0142prac\u0105 z nowymi pracodawcami i umowami o prac\u0119 dla wszystkich Klient\u00f3w!<\/p>\t\t\t\t\t\t\t\t<\/div>\n\t\t\t\t<\/div>\n\t\t\t\t\t<\/div>\n\t\t\t\t<\/div>\n\t\t<div class=\"elementor-element elementor-element-e88a5d3 e-flex e-con-boxed e-con e-parent\" data-id=\"e88a5d3\" data-element_type=\"container\" data-e-type=\"container\">\n\t\t\t\t\t<div class=\"e-con-inner\">\n\t\t\t\t<div class=\"elementor-element elementor-element-31ec6a6 elementor-widget elementor-widget-image\" data-id=\"31ec6a6\" data-element_type=\"widget\" data-e-type=\"widget\" data-widget_type=\"image.default\">\n\t\t\t\t<div class=\"elementor-widget-container\">\n\t\t\t\t\t\t\t\t\t\t\t\t\t\t\t<img fetchpriority=\"high\" decoding=\"async\" width=\"2560\" height=\"2048\" src=\"https:\/\/centrumdzwoni.pl\/wp-content\/uploads\/2025\/09\/Gielda-Pracy-scaled.jpg\" class=\"attachment-full size-full wp-image-316\" alt=\"\" srcset=\"https:\/\/centrumdzwoni.pl\/wp-content\/uploads\/2025\/09\/Gielda-Pracy-scaled.jpg 2560w, https:\/\/centrumdzwoni.pl\/wp-content\/uploads\/2025\/09\/Gielda-Pracy-300x240.jpg 300w, https:\/\/centrumdzwoni.pl\/wp-content\/uploads\/2025\/09\/Gielda-Pracy-1024x819.jpg 1024w, https:\/\/centrumdzwoni.pl\/wp-content\/uploads\/2025\/09\/Gielda-Pracy-768x614.jpg 768w, https:\/\/centrumdzwoni.pl\/wp-content\/uploads\/2025\/09\/Gielda-Pracy-1536x1229.jpg 1536w, https:\/\/centrumdzwoni.pl\/wp-content\/uploads\/2025\/09\/Gielda-Pracy-2048x1638.jpg 2048w\" sizes=\"(max-width: 2560px) 100vw, 2560px\" \/>\t\t\t\t\t\t\t\t\t\t\t\t\t\t\t<\/div>\n\t\t\t\t<\/div>\n\t\t\t\t\t<\/div>\n\t\t\t\t<\/div>\n\t\t<div class=\"elementor-element elementor-element-53b64fb e-flex e-con-boxed e-con e-parent\" data-id=\"53b64fb\" data-element_type=\"container\" data-e-type=\"container\">\n\t\t\t\t\t<div class=\"e-con-inner\">\n\t\t\t\t<div class=\"elementor-element elementor-element-13dbaac elementor-widget elementor-widget-image\" data-id=\"13dbaac\" data-element_type=\"widget\" data-e-type=\"widget\" data-widget_type=\"image.default\">\n\t\t\t\t<div class=\"elementor-widget-container\">\n\t\t\t\t\t\t\t\t\t\t\t\t\t\t\t<img decoding=\"async\" width=\"768\" height=\"235\" src=\"https:\/\/centrumdzwoni.pl\/wp-content\/uploads\/2025\/08\/CDZV_stopka-768x235.png\" class=\"attachment-medium_large size-medium_large wp-image-561\" alt=\"\" srcset=\"https:\/\/centrumdzwoni.pl\/wp-content\/uploads\/2025\/08\/CDZV_stopka-768x235.png 768w, https:\/\/centrumdzwoni.pl\/wp-content\/uploads\/2025\/08\/CDZV_stopka-300x92.png 300w, https:\/\/centrumdzwoni.pl\/wp-content\/uploads\/2025\/08\/CDZV_stopka-1024x313.png 1024w, https:\/\/centrumdzwoni.pl\/wp-content\/uploads\/2025\/08\/CDZV_stopka-1536x469.png 1536w, https:\/\/centrumdzwoni.pl\/wp-content\/uploads\/2025\/08\/CDZV_stopka-2048x625.png 2048w\" sizes=\"(max-width: 768px) 100vw, 768px\" \/>\t\t\t\t\t\t\t\t\t\t\t\t\t\t\t<\/div>\n\t\t\t\t<\/div>\n\t\t\t\t\t<\/div>\n\t\t\t\t<\/div>\n\t\t\t\t<\/div>\n\t\t","protected":false},"excerpt":{"rendered":"<p>10 wrze\u015bnia w ramach grupowych warsztat\u00f3w doradczych, klienci Centrum DZWONI poszukuj\u0105cy zatrudnienia, mieli okazj\u0119 sprawdzi\u0107 swoje umiej\u0119tno\u015bci autoprezentacji we wst\u0119pnych rozmowach o prac\u0119. Rozmowy odbywa\u0142y si\u0119 podczas Gie\u0142dy o Prac\u0119 dla Os\u00f3b z Niepe\u0142nosprawno\u015bciami. Organizatorzy gie\u0142dy, czyli Powiatowy Urz\u0105d Pracy w Rzeszowie i Podkarpacki Oddzia\u0142 Pa\u0144stwowego Funduszu Rehabilitacji Os\u00f3b Niepe\u0142nosprawnych, zadbali o dobr\u0105 atmosfer\u0119 oraz&hellip;&nbsp;<\/p>\n","protected":false},"author":1,"featured_media":332,"comment_status":"open","ping_status":"open","sticky":false,"template":"","format":"standard","meta":{"neve_meta_sidebar":"full-width","neve_meta_container":"contained","neve_meta_enable_content_width":"","neve_meta_content_width":0,"neve_meta_title_alignment":"","neve_meta_author_avatar":"","neve_post_elements_order":"[\"title\",\"content\"]","neve_meta_disable_header":"","neve_meta_disable_footer":"","neve_meta_disable_title":"","footnotes":""},"categories":[1],"tags":[],"class_list":["post-313","post","type-post","status-publish","format-standard","has-post-thumbnail","hentry","category-bez-kategorii"],"yoast_head":"<!-- This site is optimized with the Yoast SEO plugin v27.5 - https:\/\/yoast.com\/product\/yoast-seo-wordpress\/ -->\n<title>Gie\u0142da Pracy w Rzeszowie - Centrum Doradztwa Zawodowego i Wspierania Os\u00f3b z Niepe\u0142nosprawno\u015bci\u0105 Intelektualn\u0105<\/title>\n<meta name=\"robots\" content=\"index, follow, max-snippet:-1, max-image-preview:large, max-video-preview:-1\" \/>\n<link rel=\"canonical\" href=\"https:\/\/centrumdzwoni.pl\/?p=313\" \/>\n<meta property=\"og:locale\" content=\"pl_PL\" \/>\n<meta property=\"og:type\" content=\"article\" \/>\n<meta property=\"og:title\" content=\"Gie\u0142da Pracy w Rzeszowie - Centrum Doradztwa Zawodowego i Wspierania Os\u00f3b z Niepe\u0142nosprawno\u015bci\u0105 Intelektualn\u0105\" \/>\n<meta property=\"og:description\" content=\"10 wrze\u015bnia w ramach grupowych warsztat\u00f3w doradczych, klienci Centrum DZWONI poszukuj\u0105cy zatrudnienia, mieli okazj\u0119 sprawdzi\u0107 swoje umiej\u0119tno\u015bci autoprezentacji we wst\u0119pnych rozmowach o prac\u0119. Rozmowy odbywa\u0142y si\u0119 podczas Gie\u0142dy o Prac\u0119 dla Os\u00f3b z Niepe\u0142nosprawno\u015bciami. Organizatorzy gie\u0142dy, czyli Powiatowy Urz\u0105d Pracy w Rzeszowie i Podkarpacki Oddzia\u0142 Pa\u0144stwowego Funduszu Rehabilitacji Os\u00f3b Niepe\u0142nosprawnych, zadbali o dobr\u0105 atmosfer\u0119 oraz&hellip;&nbsp;\" \/>\n<meta property=\"og:url\" content=\"https:\/\/centrumdzwoni.pl\/?p=313\" \/>\n<meta property=\"og:site_name\" content=\"Centrum Doradztwa Zawodowego i Wspierania Os\u00f3b z Niepe\u0142nosprawno\u015bci\u0105 Intelektualn\u0105\" \/>\n<meta property=\"article:published_time\" content=\"2025-09-11T08:14:12+00:00\" \/>\n<meta property=\"article:modified_time\" content=\"2025-09-16T07:23:05+00:00\" \/>\n<meta property=\"og:image\" content=\"https:\/\/centrumdzwoni.pl\/wp-content\/uploads\/2025\/09\/MINIATURA-NEW-DZOWNI-1.jpg\" \/>\n\t<meta property=\"og:image:width\" content=\"450\" \/>\n\t<meta property=\"og:image:height\" content=\"337\" \/>\n\t<meta property=\"og:image:type\" content=\"image\/jpeg\" \/>\n<meta name=\"author\" content=\"cdzrt\" \/>\n<meta name=\"twitter:card\" content=\"summary_large_image\" \/>\n<meta name=\"twitter:label1\" content=\"Napisane przez\" \/>\n\t<meta name=\"twitter:data1\" content=\"cdzrt\" \/>\n\t<meta name=\"twitter:label2\" content=\"Szacowany czas czytania\" \/>\n\t<meta name=\"twitter:data2\" content=\"2 minuty\" \/>\n<script type=\"application\/ld+json\" class=\"yoast-schema-graph\">{\"@context\":\"https:\\\/\\\/schema.org\",\"@graph\":[{\"@type\":\"Article\",\"@id\":\"https:\\\/\\\/centrumdzwoni.pl\\\/?p=313#article\",\"isPartOf\":{\"@id\":\"https:\\\/\\\/centrumdzwoni.pl\\\/?p=313\"},\"author\":{\"name\":\"cdzrt\",\"@id\":\"https:\\\/\\\/centrumdzwoni.pl\\\/#\\\/schema\\\/person\\\/4a0e0a2c7a554743a7cdf8475554f4f1\"},\"headline\":\"Gie\u0142da Pracy w Rzeszowie\",\"datePublished\":\"2025-09-11T08:14:12+00:00\",\"dateModified\":\"2025-09-16T07:23:05+00:00\",\"mainEntityOfPage\":{\"@id\":\"https:\\\/\\\/centrumdzwoni.pl\\\/?p=313\"},\"wordCount\":140,\"commentCount\":0,\"publisher\":{\"@id\":\"https:\\\/\\\/centrumdzwoni.pl\\\/#organization\"},\"image\":{\"@id\":\"https:\\\/\\\/centrumdzwoni.pl\\\/?p=313#primaryimage\"},\"thumbnailUrl\":\"https:\\\/\\\/centrumdzwoni.pl\\\/wp-content\\\/uploads\\\/2025\\\/09\\\/MINIATURA-NEW-DZOWNI-1.jpg\",\"inLanguage\":\"pl-PL\",\"potentialAction\":[{\"@type\":\"CommentAction\",\"name\":\"Comment\",\"target\":[\"https:\\\/\\\/centrumdzwoni.pl\\\/?p=313#respond\"]}]},{\"@type\":\"WebPage\",\"@id\":\"https:\\\/\\\/centrumdzwoni.pl\\\/?p=313\",\"url\":\"https:\\\/\\\/centrumdzwoni.pl\\\/?p=313\",\"name\":\"Gie\u0142da Pracy w Rzeszowie - Centrum Doradztwa Zawodowego i Wspierania Os\u00f3b z Niepe\u0142nosprawno\u015bci\u0105 Intelektualn\u0105\",\"isPartOf\":{\"@id\":\"https:\\\/\\\/centrumdzwoni.pl\\\/#website\"},\"primaryImageOfPage\":{\"@id\":\"https:\\\/\\\/centrumdzwoni.pl\\\/?p=313#primaryimage\"},\"image\":{\"@id\":\"https:\\\/\\\/centrumdzwoni.pl\\\/?p=313#primaryimage\"},\"thumbnailUrl\":\"https:\\\/\\\/centrumdzwoni.pl\\\/wp-content\\\/uploads\\\/2025\\\/09\\\/MINIATURA-NEW-DZOWNI-1.jpg\",\"datePublished\":\"2025-09-11T08:14:12+00:00\",\"dateModified\":\"2025-09-16T07:23:05+00:00\",\"breadcrumb\":{\"@id\":\"https:\\\/\\\/centrumdzwoni.pl\\\/?p=313#breadcrumb\"},\"inLanguage\":\"pl-PL\",\"potentialAction\":[{\"@type\":\"ReadAction\",\"target\":[\"https:\\\/\\\/centrumdzwoni.pl\\\/?p=313\"]}]},{\"@type\":\"ImageObject\",\"inLanguage\":\"pl-PL\",\"@id\":\"https:\\\/\\\/centrumdzwoni.pl\\\/?p=313#primaryimage\",\"url\":\"https:\\\/\\\/centrumdzwoni.pl\\\/wp-content\\\/uploads\\\/2025\\\/09\\\/MINIATURA-NEW-DZOWNI-1.jpg\",\"contentUrl\":\"https:\\\/\\\/centrumdzwoni.pl\\\/wp-content\\\/uploads\\\/2025\\\/09\\\/MINIATURA-NEW-DZOWNI-1.jpg\",\"width\":450,\"height\":337},{\"@type\":\"BreadcrumbList\",\"@id\":\"https:\\\/\\\/centrumdzwoni.pl\\\/?p=313#breadcrumb\",\"itemListElement\":[{\"@type\":\"ListItem\",\"position\":1,\"name\":\"Home\",\"item\":\"https:\\\/\\\/centrumdzwoni.pl\\\/\"},{\"@type\":\"ListItem\",\"position\":2,\"name\":\"Gie\u0142da Pracy w Rzeszowie\"}]},{\"@type\":\"WebSite\",\"@id\":\"https:\\\/\\\/centrumdzwoni.pl\\\/#website\",\"url\":\"https:\\\/\\\/centrumdzwoni.pl\\\/\",\"name\":\"Centrum Doradztwa Zawodowego i Wspierania Os\u00f3b z Niepe\u0142nosprawno\u015bci\u0105 Intelektualn\u0105\",\"description\":\"\",\"publisher\":{\"@id\":\"https:\\\/\\\/centrumdzwoni.pl\\\/#organization\"},\"potentialAction\":[{\"@type\":\"SearchAction\",\"target\":{\"@type\":\"EntryPoint\",\"urlTemplate\":\"https:\\\/\\\/centrumdzwoni.pl\\\/?s={search_term_string}\"},\"query-input\":{\"@type\":\"PropertyValueSpecification\",\"valueRequired\":true,\"valueName\":\"search_term_string\"}}],\"inLanguage\":\"pl-PL\"},{\"@type\":\"Organization\",\"@id\":\"https:\\\/\\\/centrumdzwoni.pl\\\/#organization\",\"name\":\"Centrum Doradztwa Zawodowego i Wspierania Os\u00f3b z Niepe\u0142nosprawno\u015bci\u0105 Intelektualn\u0105\",\"url\":\"https:\\\/\\\/centrumdzwoni.pl\\\/\",\"logo\":{\"@type\":\"ImageObject\",\"inLanguage\":\"pl-PL\",\"@id\":\"https:\\\/\\\/centrumdzwoni.pl\\\/#\\\/schema\\\/logo\\\/image\\\/\",\"url\":\"https:\\\/\\\/centrumdzwoni.pl\\\/wp-content\\\/uploads\\\/2025\\\/08\\\/logo-agency.png\",\"contentUrl\":\"https:\\\/\\\/centrumdzwoni.pl\\\/wp-content\\\/uploads\\\/2025\\\/08\\\/logo-agency.png\",\"width\":200,\"height\":200,\"caption\":\"Centrum Doradztwa Zawodowego i Wspierania Os\u00f3b z Niepe\u0142nosprawno\u015bci\u0105 Intelektualn\u0105\"},\"image\":{\"@id\":\"https:\\\/\\\/centrumdzwoni.pl\\\/#\\\/schema\\\/logo\\\/image\\\/\"}},{\"@type\":\"Person\",\"@id\":\"https:\\\/\\\/centrumdzwoni.pl\\\/#\\\/schema\\\/person\\\/4a0e0a2c7a554743a7cdf8475554f4f1\",\"name\":\"cdzrt\",\"image\":{\"@type\":\"ImageObject\",\"inLanguage\":\"pl-PL\",\"@id\":\"https:\\\/\\\/secure.gravatar.com\\\/avatar\\\/6376d4104f411e63505d68f854d413351b03c8f8d9db8d6ba9875e0032d9728b?s=96&d=mm&r=g\",\"url\":\"https:\\\/\\\/secure.gravatar.com\\\/avatar\\\/6376d4104f411e63505d68f854d413351b03c8f8d9db8d6ba9875e0032d9728b?s=96&d=mm&r=g\",\"contentUrl\":\"https:\\\/\\\/secure.gravatar.com\\\/avatar\\\/6376d4104f411e63505d68f854d413351b03c8f8d9db8d6ba9875e0032d9728b?s=96&d=mm&r=g\",\"caption\":\"cdzrt\"},\"sameAs\":[\"http:\\\/\\\/centrumdzwoni.pl\"],\"url\":\"https:\\\/\\\/centrumdzwoni.pl\\\/?author=1\"}]}<\/script>\n<!-- \/ Yoast SEO plugin. -->","yoast_head_json":{"title":"Gie\u0142da Pracy w Rzeszowie - Centrum Doradztwa Zawodowego i Wspierania Os\u00f3b z Niepe\u0142nosprawno\u015bci\u0105 Intelektualn\u0105","robots":{"index":"index","follow":"follow","max-snippet":"max-snippet:-1","max-image-preview":"max-image-preview:large","max-video-preview":"max-video-preview:-1"},"canonical":"https:\/\/centrumdzwoni.pl\/?p=313","og_locale":"pl_PL","og_type":"article","og_title":"Gie\u0142da Pracy w Rzeszowie - Centrum Doradztwa Zawodowego i Wspierania Os\u00f3b z Niepe\u0142nosprawno\u015bci\u0105 Intelektualn\u0105","og_description":"10 wrze\u015bnia w ramach grupowych warsztat\u00f3w doradczych, klienci Centrum DZWONI poszukuj\u0105cy zatrudnienia, mieli okazj\u0119 sprawdzi\u0107 swoje umiej\u0119tno\u015bci autoprezentacji we wst\u0119pnych rozmowach o prac\u0119. Rozmowy odbywa\u0142y si\u0119 podczas Gie\u0142dy o Prac\u0119 dla Os\u00f3b z Niepe\u0142nosprawno\u015bciami. Organizatorzy gie\u0142dy, czyli Powiatowy Urz\u0105d Pracy w Rzeszowie i Podkarpacki Oddzia\u0142 Pa\u0144stwowego Funduszu Rehabilitacji Os\u00f3b Niepe\u0142nosprawnych, zadbali o dobr\u0105 atmosfer\u0119 oraz&hellip;&nbsp;","og_url":"https:\/\/centrumdzwoni.pl\/?p=313","og_site_name":"Centrum Doradztwa Zawodowego i Wspierania Os\u00f3b z Niepe\u0142nosprawno\u015bci\u0105 Intelektualn\u0105","article_published_time":"2025-09-11T08:14:12+00:00","article_modified_time":"2025-09-16T07:23:05+00:00","og_image":[{"width":450,"height":337,"url":"https:\/\/centrumdzwoni.pl\/wp-content\/uploads\/2025\/09\/MINIATURA-NEW-DZOWNI-1.jpg","type":"image\/jpeg"}],"author":"cdzrt","twitter_card":"summary_large_image","twitter_misc":{"Napisane przez":"cdzrt","Szacowany czas czytania":"2 minuty"},"schema":{"@context":"https:\/\/schema.org","@graph":[{"@type":"Article","@id":"https:\/\/centrumdzwoni.pl\/?p=313#article","isPartOf":{"@id":"https:\/\/centrumdzwoni.pl\/?p=313"},"author":{"name":"cdzrt","@id":"https:\/\/centrumdzwoni.pl\/#\/schema\/person\/4a0e0a2c7a554743a7cdf8475554f4f1"},"headline":"Gie\u0142da Pracy w Rzeszowie","datePublished":"2025-09-11T08:14:12+00:00","dateModified":"2025-09-16T07:23:05+00:00","mainEntityOfPage":{"@id":"https:\/\/centrumdzwoni.pl\/?p=313"},"wordCount":140,"commentCount":0,"publisher":{"@id":"https:\/\/centrumdzwoni.pl\/#organization"},"image":{"@id":"https:\/\/centrumdzwoni.pl\/?p=313#primaryimage"},"thumbnailUrl":"https:\/\/centrumdzwoni.pl\/wp-content\/uploads\/2025\/09\/MINIATURA-NEW-DZOWNI-1.jpg","inLanguage":"pl-PL","potentialAction":[{"@type":"CommentAction","name":"Comment","target":["https:\/\/centrumdzwoni.pl\/?p=313#respond"]}]},{"@type":"WebPage","@id":"https:\/\/centrumdzwoni.pl\/?p=313","url":"https:\/\/centrumdzwoni.pl\/?p=313","name":"Gie\u0142da Pracy w Rzeszowie - Centrum Doradztwa Zawodowego i Wspierania Os\u00f3b z Niepe\u0142nosprawno\u015bci\u0105 Intelektualn\u0105","isPartOf":{"@id":"https:\/\/centrumdzwoni.pl\/#website"},"primaryImageOfPage":{"@id":"https:\/\/centrumdzwoni.pl\/?p=313#primaryimage"},"image":{"@id":"https:\/\/centrumdzwoni.pl\/?p=313#primaryimage"},"thumbnailUrl":"https:\/\/centrumdzwoni.pl\/wp-content\/uploads\/2025\/09\/MINIATURA-NEW-DZOWNI-1.jpg","datePublished":"2025-09-11T08:14:12+00:00","dateModified":"2025-09-16T07:23:05+00:00","breadcrumb":{"@id":"https:\/\/centrumdzwoni.pl\/?p=313#breadcrumb"},"inLanguage":"pl-PL","potentialAction":[{"@type":"ReadAction","target":["https:\/\/centrumdzwoni.pl\/?p=313"]}]},{"@type":"ImageObject","inLanguage":"pl-PL","@id":"https:\/\/centrumdzwoni.pl\/?p=313#primaryimage","url":"https:\/\/centrumdzwoni.pl\/wp-content\/uploads\/2025\/09\/MINIATURA-NEW-DZOWNI-1.jpg","contentUrl":"https:\/\/centrumdzwoni.pl\/wp-content\/uploads\/2025\/09\/MINIATURA-NEW-DZOWNI-1.jpg","width":450,"height":337},{"@type":"BreadcrumbList","@id":"https:\/\/centrumdzwoni.pl\/?p=313#breadcrumb","itemListElement":[{"@type":"ListItem","position":1,"name":"Home","item":"https:\/\/centrumdzwoni.pl\/"},{"@type":"ListItem","position":2,"name":"Gie\u0142da Pracy w Rzeszowie"}]},{"@type":"WebSite","@id":"https:\/\/centrumdzwoni.pl\/#website","url":"https:\/\/centrumdzwoni.pl\/","name":"Centrum Doradztwa Zawodowego i Wspierania Os\u00f3b z Niepe\u0142nosprawno\u015bci\u0105 Intelektualn\u0105","description":"","publisher":{"@id":"https:\/\/centrumdzwoni.pl\/#organization"},"potentialAction":[{"@type":"SearchAction","target":{"@type":"EntryPoint","urlTemplate":"https:\/\/centrumdzwoni.pl\/?s={search_term_string}"},"query-input":{"@type":"PropertyValueSpecification","valueRequired":true,"valueName":"search_term_string"}}],"inLanguage":"pl-PL"},{"@type":"Organization","@id":"https:\/\/centrumdzwoni.pl\/#organization","name":"Centrum Doradztwa Zawodowego i Wspierania Os\u00f3b z Niepe\u0142nosprawno\u015bci\u0105 Intelektualn\u0105","url":"https:\/\/centrumdzwoni.pl\/","logo":{"@type":"ImageObject","inLanguage":"pl-PL","@id":"https:\/\/centrumdzwoni.pl\/#\/schema\/logo\/image\/","url":"https:\/\/centrumdzwoni.pl\/wp-content\/uploads\/2025\/08\/logo-agency.png","contentUrl":"https:\/\/centrumdzwoni.pl\/wp-content\/uploads\/2025\/08\/logo-agency.png","width":200,"height":200,"caption":"Centrum Doradztwa Zawodowego i Wspierania Os\u00f3b z Niepe\u0142nosprawno\u015bci\u0105 Intelektualn\u0105"},"image":{"@id":"https:\/\/centrumdzwoni.pl\/#\/schema\/logo\/image\/"}},{"@type":"Person","@id":"https:\/\/centrumdzwoni.pl\/#\/schema\/person\/4a0e0a2c7a554743a7cdf8475554f4f1","name":"cdzrt","image":{"@type":"ImageObject","inLanguage":"pl-PL","@id":"https:\/\/secure.gravatar.com\/avatar\/6376d4104f411e63505d68f854d413351b03c8f8d9db8d6ba9875e0032d9728b?s=96&d=mm&r=g","url":"https:\/\/secure.gravatar.com\/avatar\/6376d4104f411e63505d68f854d413351b03c8f8d9db8d6ba9875e0032d9728b?s=96&d=mm&r=g","contentUrl":"https:\/\/secure.gravatar.com\/avatar\/6376d4104f411e63505d68f854d413351b03c8f8d9db8d6ba9875e0032d9728b?s=96&d=mm&r=g","caption":"cdzrt"},"sameAs":["http:\/\/centrumdzwoni.pl"],"url":"https:\/\/centrumdzwoni.pl\/?author=1"}]}},"_links":{"self":[{"href":"https:\/\/centrumdzwoni.pl\/index.php?rest_route=\/wp\/v2\/posts\/313","targetHints":{"allow":["GET"]}}],"collection":[{"href":"https:\/\/centrumdzwoni.pl\/index.php?rest_route=\/wp\/v2\/posts"}],"about":[{"href":"https:\/\/centrumdzwoni.pl\/index.php?rest_route=\/wp\/v2\/types\/post"}],"author":[{"embeddable":true,"href":"https:\/\/centrumdzwoni.pl\/index.php?rest_route=\/wp\/v2\/users\/1"}],"replies":[{"embeddable":true,"href":"https:\/\/centrumdzwoni.pl\/index.php?rest_route=%2Fwp%2Fv2%2Fcomments&post=313"}],"version-history":[{"count":7,"href":"https:\/\/centrumdzwoni.pl\/index.php?rest_route=\/wp\/v2\/posts\/313\/revisions"}],"predecessor-version":[{"id":575,"href":"https:\/\/centrumdzwoni.pl\/index.php?rest_route=\/wp\/v2\/posts\/313\/revisions\/575"}],"wp:featuredmedia":[{"embeddable":true,"href":"https:\/\/centrumdzwoni.pl\/index.php?rest_route=\/wp\/v2\/media\/332"}],"wp:attachment":[{"href":"https:\/\/centrumdzwoni.pl\/index.php?rest_route=%2Fwp%2Fv2%2Fmedia&parent=313"}],"wp:term":[{"taxonomy":"category","embeddable":true,"href":"https:\/\/centrumdzwoni.pl\/index.php?rest_route=%2Fwp%2Fv2%2Fcategories&post=313"},{"taxonomy":"post_tag","embeddable":true,"href":"https:\/\/centrumdzwoni.pl\/index.php?rest_route=%2Fwp%2Fv2%2Ftags&post=313"}],"curies":[{"name":"wp","href":"https:\/\/api.w.org\/{rel}","templated":true}]}}