{"id":715,"date":"2025-08-18T14:56:13","date_gmt":"2025-08-18T12:56:13","guid":{"rendered":"https:\/\/centrumdzwoni.pl\/?p=715"},"modified":"2025-09-18T09:11:33","modified_gmt":"2025-09-18T07:11:33","slug":"pocztowki-z-wakacji","status":"publish","type":"post","link":"https:\/\/centrumdzwoni.pl\/?p=715","title":{"rendered":"Poczt\u00f3wki z wakacji\u00a0"},"content":{"rendered":"\t\t<div data-elementor-type=\"wp-post\" data-elementor-id=\"715\" class=\"elementor elementor-715\">\n\t\t\t\t<div class=\"elementor-element elementor-element-b8d3efa e-flex e-con-boxed e-con e-parent\" data-id=\"b8d3efa\" data-element_type=\"container\" data-e-type=\"container\">\n\t\t\t\t\t<div class=\"e-con-inner\">\n\t\t\t\t<div class=\"elementor-element elementor-element-8ddb55b elementor-widget elementor-widget-text-editor\" data-id=\"8ddb55b\" data-element_type=\"widget\" data-e-type=\"widget\" data-widget_type=\"text-editor.default\">\n\t\t\t\t<div class=\"elementor-widget-container\">\n\t\t\t\t\t\t\t\t\t<p>Wakacje to wyj\u0105tkowy czas, wyczekiwany przez uczni\u00f3w i ch\u0119tnie planowany przez pracownik\u00f3w. To moment na podr\u00f3\u017ce, odkrywanie nowych miejsc, ale tak\u017ce na odpoczynek i regeneracj\u0119 si\u0142. Dla wielu os\u00f3b korzystaj\u0105cych ze wsparcia Centrum DZWONI lato to r\u00f3wnie\u017c czas pierwszych do\u015bwiadcze\u0144 z planowaniem i wykorzystywaniem prawa do urlopu wypoczynkowego. Trenerzy pracy towarzysz\u0105 klientom w tym procesie, wspieraj\u0105 w zg\u0142aszaniu plan\u00f3w urlopowych i sk\u0142adaniu odpowiednich wniosk\u00f3w.<br \/>Cho\u0107 wszyscy wiemy, \u017ce wakacje mijaj\u0105 b\u0142yskawicznie, zatrzymujemy je na d\u0142u\u017cej dzi\u0119ki zdj\u0119ciom i wspomnieniom. Tak w\u0142a\u015bnie robi\u0105 klienci warszawskiego Centrum DZWONI, kt\u00f3rzy w tym roku przesy\u0142aj\u0105 nam serdeczne pozdrowienia z wakacyjnych wyjazd\u00f3w!<br \/>Wakacyjne poczt\u00f3wki s\u0105 dla nas dowodem, \u017ce praca i odpoczynek mog\u0105 i\u015b\u0107 ze sob\u0105 w parze, a dobrze zaplanowany urlop to wa\u017cny krok w rozwoju zawodowym i osobistym.<\/p>\t\t\t\t\t\t\t\t<\/div>\n\t\t\t\t<\/div>\n\t\t\t\t\t<\/div>\n\t\t\t\t<\/div>\n\t\t<div class=\"elementor-element elementor-element-e11bfab e-flex e-con-boxed e-con e-parent\" data-id=\"e11bfab\" data-element_type=\"container\" data-e-type=\"container\">\n\t\t\t\t\t<div class=\"e-con-inner\">\n\t\t\t\t<div class=\"elementor-element elementor-element-fbf5636 elementor-widget elementor-widget-image\" data-id=\"fbf5636\" data-element_type=\"widget\" data-e-type=\"widget\" data-widget_type=\"image.default\">\n\t\t\t\t<div class=\"elementor-widget-container\">\n\t\t\t\t\t\t\t\t\t\t\t\t\t\t\t<img fetchpriority=\"high\" decoding=\"async\" width=\"1000\" height=\"800\" src=\"https:\/\/centrumdzwoni.pl\/wp-content\/uploads\/2025\/09\/warszawa-wakacje.jpg\" class=\"attachment-full size-full wp-image-717\" alt=\"\" srcset=\"https:\/\/centrumdzwoni.pl\/wp-content\/uploads\/2025\/09\/warszawa-wakacje.jpg 1000w, https:\/\/centrumdzwoni.pl\/wp-content\/uploads\/2025\/09\/warszawa-wakacje-300x240.jpg 300w, https:\/\/centrumdzwoni.pl\/wp-content\/uploads\/2025\/09\/warszawa-wakacje-768x614.jpg 768w\" sizes=\"(max-width: 1000px) 100vw, 1000px\" \/>\t\t\t\t\t\t\t\t\t\t\t\t\t\t\t<\/div>\n\t\t\t\t<\/div>\n\t\t\t\t\t<\/div>\n\t\t\t\t<\/div>\n\t\t<div class=\"elementor-element elementor-element-1b341e1 e-flex e-con-boxed e-con e-parent\" data-id=\"1b341e1\" data-element_type=\"container\" data-e-type=\"container\">\n\t\t\t\t\t<div class=\"e-con-inner\">\n\t\t\t\t<div class=\"elementor-element elementor-element-6af4f21 elementor-widget elementor-widget-image\" data-id=\"6af4f21\" data-element_type=\"widget\" data-e-type=\"widget\" data-widget_type=\"image.default\">\n\t\t\t\t<div class=\"elementor-widget-container\">\n\t\t\t\t\t\t\t\t\t\t\t\t\t\t\t<img decoding=\"async\" width=\"768\" height=\"235\" src=\"https:\/\/centrumdzwoni.pl\/wp-content\/uploads\/2025\/08\/CDZV_stopka-768x235.png\" class=\"attachment-medium_large size-medium_large wp-image-561\" alt=\"\" srcset=\"https:\/\/centrumdzwoni.pl\/wp-content\/uploads\/2025\/08\/CDZV_stopka-768x235.png 768w, https:\/\/centrumdzwoni.pl\/wp-content\/uploads\/2025\/08\/CDZV_stopka-300x92.png 300w, https:\/\/centrumdzwoni.pl\/wp-content\/uploads\/2025\/08\/CDZV_stopka-1024x313.png 1024w, https:\/\/centrumdzwoni.pl\/wp-content\/uploads\/2025\/08\/CDZV_stopka-1536x469.png 1536w, https:\/\/centrumdzwoni.pl\/wp-content\/uploads\/2025\/08\/CDZV_stopka-2048x625.png 2048w\" sizes=\"(max-width: 768px) 100vw, 768px\" \/>\t\t\t\t\t\t\t\t\t\t\t\t\t\t\t<\/div>\n\t\t\t\t<\/div>\n\t\t\t\t\t<\/div>\n\t\t\t\t<\/div>\n\t\t\t\t<\/div>\n\t\t","protected":false},"excerpt":{"rendered":"<p>Wakacje to wyj\u0105tkowy czas, wyczekiwany przez uczni\u00f3w i ch\u0119tnie planowany przez pracownik\u00f3w. To moment na podr\u00f3\u017ce, odkrywanie nowych miejsc, ale tak\u017ce na odpoczynek i regeneracj\u0119 si\u0142. Dla wielu os\u00f3b korzystaj\u0105cych ze wsparcia Centrum DZWONI lato to r\u00f3wnie\u017c czas pierwszych do\u015bwiadcze\u0144 z planowaniem i wykorzystywaniem prawa do urlopu wypoczynkowego. Trenerzy pracy towarzysz\u0105 klientom w tym procesie,&hellip;&nbsp;<\/p>\n","protected":false},"author":1,"featured_media":716,"comment_status":"open","ping_status":"open","sticky":false,"template":"","format":"standard","meta":{"neve_meta_sidebar":"full-width","neve_meta_container":"contained","neve_meta_enable_content_width":"","neve_meta_content_width":0,"neve_meta_title_alignment":"","neve_meta_author_avatar":"","neve_post_elements_order":"[\"title\",\"content\"]","neve_meta_disable_header":"","neve_meta_disable_footer":"","neve_meta_disable_title":"","footnotes":""},"categories":[1],"tags":[],"class_list":["post-715","post","type-post","status-publish","format-standard","has-post-thumbnail","hentry","category-bez-kategorii"],"yoast_head":"<!-- This site is optimized with the Yoast SEO plugin v27.5 - https:\/\/yoast.com\/product\/yoast-seo-wordpress\/ -->\n<title>Poczt\u00f3wki z wakacji\u00a0 - Centrum Doradztwa Zawodowego i Wspierania Os\u00f3b z Niepe\u0142nosprawno\u015bci\u0105 Intelektualn\u0105<\/title>\n<meta name=\"robots\" content=\"index, follow, max-snippet:-1, max-image-preview:large, max-video-preview:-1\" \/>\n<link rel=\"canonical\" href=\"https:\/\/centrumdzwoni.pl\/?p=715\" \/>\n<meta property=\"og:locale\" content=\"pl_PL\" \/>\n<meta property=\"og:type\" content=\"article\" \/>\n<meta property=\"og:title\" content=\"Poczt\u00f3wki z wakacji\u00a0 - Centrum Doradztwa Zawodowego i Wspierania Os\u00f3b z Niepe\u0142nosprawno\u015bci\u0105 Intelektualn\u0105\" \/>\n<meta property=\"og:description\" content=\"Wakacje to wyj\u0105tkowy czas, wyczekiwany przez uczni\u00f3w i ch\u0119tnie planowany przez pracownik\u00f3w. To moment na podr\u00f3\u017ce, odkrywanie nowych miejsc, ale tak\u017ce na odpoczynek i regeneracj\u0119 si\u0142. Dla wielu os\u00f3b korzystaj\u0105cych ze wsparcia Centrum DZWONI lato to r\u00f3wnie\u017c czas pierwszych do\u015bwiadcze\u0144 z planowaniem i wykorzystywaniem prawa do urlopu wypoczynkowego. Trenerzy pracy towarzysz\u0105 klientom w tym procesie,&hellip;&nbsp;\" \/>\n<meta property=\"og:url\" content=\"https:\/\/centrumdzwoni.pl\/?p=715\" \/>\n<meta property=\"og:site_name\" content=\"Centrum Doradztwa Zawodowego i Wspierania Os\u00f3b z Niepe\u0142nosprawno\u015bci\u0105 Intelektualn\u0105\" \/>\n<meta property=\"article:published_time\" content=\"2025-08-18T12:56:13+00:00\" \/>\n<meta property=\"article:modified_time\" content=\"2025-09-18T07:11:33+00:00\" \/>\n<meta property=\"og:image\" content=\"https:\/\/centrumdzwoni.pl\/wp-content\/uploads\/2025\/09\/MINIATURA-NEW-DZOWNI-7.jpg\" \/>\n\t<meta property=\"og:image:width\" content=\"450\" \/>\n\t<meta property=\"og:image:height\" content=\"337\" \/>\n\t<meta property=\"og:image:type\" content=\"image\/jpeg\" \/>\n<meta name=\"author\" content=\"cdzrt\" \/>\n<meta name=\"twitter:card\" content=\"summary_large_image\" \/>\n<meta name=\"twitter:label1\" content=\"Napisane przez\" \/>\n\t<meta name=\"twitter:data1\" content=\"cdzrt\" \/>\n\t<meta name=\"twitter:label2\" content=\"Szacowany czas czytania\" \/>\n\t<meta name=\"twitter:data2\" content=\"2 minuty\" \/>\n<script type=\"application\/ld+json\" class=\"yoast-schema-graph\">{\"@context\":\"https:\\\/\\\/schema.org\",\"@graph\":[{\"@type\":\"Article\",\"@id\":\"https:\\\/\\\/centrumdzwoni.pl\\\/?p=715#article\",\"isPartOf\":{\"@id\":\"https:\\\/\\\/centrumdzwoni.pl\\\/?p=715\"},\"author\":{\"name\":\"cdzrt\",\"@id\":\"https:\\\/\\\/centrumdzwoni.pl\\\/#\\\/schema\\\/person\\\/4a0e0a2c7a554743a7cdf8475554f4f1\"},\"headline\":\"Poczt\u00f3wki z wakacji\u00a0\",\"datePublished\":\"2025-08-18T12:56:13+00:00\",\"dateModified\":\"2025-09-18T07:11:33+00:00\",\"mainEntityOfPage\":{\"@id\":\"https:\\\/\\\/centrumdzwoni.pl\\\/?p=715\"},\"wordCount\":155,\"commentCount\":0,\"publisher\":{\"@id\":\"https:\\\/\\\/centrumdzwoni.pl\\\/#organization\"},\"image\":{\"@id\":\"https:\\\/\\\/centrumdzwoni.pl\\\/?p=715#primaryimage\"},\"thumbnailUrl\":\"https:\\\/\\\/centrumdzwoni.pl\\\/wp-content\\\/uploads\\\/2025\\\/09\\\/MINIATURA-NEW-DZOWNI-7.jpg\",\"inLanguage\":\"pl-PL\",\"potentialAction\":[{\"@type\":\"CommentAction\",\"name\":\"Comment\",\"target\":[\"https:\\\/\\\/centrumdzwoni.pl\\\/?p=715#respond\"]}]},{\"@type\":\"WebPage\",\"@id\":\"https:\\\/\\\/centrumdzwoni.pl\\\/?p=715\",\"url\":\"https:\\\/\\\/centrumdzwoni.pl\\\/?p=715\",\"name\":\"Poczt\u00f3wki z wakacji\u00a0 - Centrum Doradztwa Zawodowego i Wspierania Os\u00f3b z Niepe\u0142nosprawno\u015bci\u0105 Intelektualn\u0105\",\"isPartOf\":{\"@id\":\"https:\\\/\\\/centrumdzwoni.pl\\\/#website\"},\"primaryImageOfPage\":{\"@id\":\"https:\\\/\\\/centrumdzwoni.pl\\\/?p=715#primaryimage\"},\"image\":{\"@id\":\"https:\\\/\\\/centrumdzwoni.pl\\\/?p=715#primaryimage\"},\"thumbnailUrl\":\"https:\\\/\\\/centrumdzwoni.pl\\\/wp-content\\\/uploads\\\/2025\\\/09\\\/MINIATURA-NEW-DZOWNI-7.jpg\",\"datePublished\":\"2025-08-18T12:56:13+00:00\",\"dateModified\":\"2025-09-18T07:11:33+00:00\",\"breadcrumb\":{\"@id\":\"https:\\\/\\\/centrumdzwoni.pl\\\/?p=715#breadcrumb\"},\"inLanguage\":\"pl-PL\",\"potentialAction\":[{\"@type\":\"ReadAction\",\"target\":[\"https:\\\/\\\/centrumdzwoni.pl\\\/?p=715\"]}]},{\"@type\":\"ImageObject\",\"inLanguage\":\"pl-PL\",\"@id\":\"https:\\\/\\\/centrumdzwoni.pl\\\/?p=715#primaryimage\",\"url\":\"https:\\\/\\\/centrumdzwoni.pl\\\/wp-content\\\/uploads\\\/2025\\\/09\\\/MINIATURA-NEW-DZOWNI-7.jpg\",\"contentUrl\":\"https:\\\/\\\/centrumdzwoni.pl\\\/wp-content\\\/uploads\\\/2025\\\/09\\\/MINIATURA-NEW-DZOWNI-7.jpg\",\"width\":450,\"height\":337},{\"@type\":\"BreadcrumbList\",\"@id\":\"https:\\\/\\\/centrumdzwoni.pl\\\/?p=715#breadcrumb\",\"itemListElement\":[{\"@type\":\"ListItem\",\"position\":1,\"name\":\"Home\",\"item\":\"https:\\\/\\\/centrumdzwoni.pl\\\/\"},{\"@type\":\"ListItem\",\"position\":2,\"name\":\"Poczt\u00f3wki z wakacji\u00a0\"}]},{\"@type\":\"WebSite\",\"@id\":\"https:\\\/\\\/centrumdzwoni.pl\\\/#website\",\"url\":\"https:\\\/\\\/centrumdzwoni.pl\\\/\",\"name\":\"Centrum Doradztwa Zawodowego i Wspierania Os\u00f3b z Niepe\u0142nosprawno\u015bci\u0105 Intelektualn\u0105\",\"description\":\"\",\"publisher\":{\"@id\":\"https:\\\/\\\/centrumdzwoni.pl\\\/#organization\"},\"potentialAction\":[{\"@type\":\"SearchAction\",\"target\":{\"@type\":\"EntryPoint\",\"urlTemplate\":\"https:\\\/\\\/centrumdzwoni.pl\\\/?s={search_term_string}\"},\"query-input\":{\"@type\":\"PropertyValueSpecification\",\"valueRequired\":true,\"valueName\":\"search_term_string\"}}],\"inLanguage\":\"pl-PL\"},{\"@type\":\"Organization\",\"@id\":\"https:\\\/\\\/centrumdzwoni.pl\\\/#organization\",\"name\":\"Centrum Doradztwa Zawodowego i Wspierania Os\u00f3b z Niepe\u0142nosprawno\u015bci\u0105 Intelektualn\u0105\",\"url\":\"https:\\\/\\\/centrumdzwoni.pl\\\/\",\"logo\":{\"@type\":\"ImageObject\",\"inLanguage\":\"pl-PL\",\"@id\":\"https:\\\/\\\/centrumdzwoni.pl\\\/#\\\/schema\\\/logo\\\/image\\\/\",\"url\":\"https:\\\/\\\/centrumdzwoni.pl\\\/wp-content\\\/uploads\\\/2025\\\/08\\\/logo-agency.png\",\"contentUrl\":\"https:\\\/\\\/centrumdzwoni.pl\\\/wp-content\\\/uploads\\\/2025\\\/08\\\/logo-agency.png\",\"width\":200,\"height\":200,\"caption\":\"Centrum Doradztwa Zawodowego i Wspierania Os\u00f3b z Niepe\u0142nosprawno\u015bci\u0105 Intelektualn\u0105\"},\"image\":{\"@id\":\"https:\\\/\\\/centrumdzwoni.pl\\\/#\\\/schema\\\/logo\\\/image\\\/\"}},{\"@type\":\"Person\",\"@id\":\"https:\\\/\\\/centrumdzwoni.pl\\\/#\\\/schema\\\/person\\\/4a0e0a2c7a554743a7cdf8475554f4f1\",\"name\":\"cdzrt\",\"image\":{\"@type\":\"ImageObject\",\"inLanguage\":\"pl-PL\",\"@id\":\"https:\\\/\\\/secure.gravatar.com\\\/avatar\\\/6376d4104f411e63505d68f854d413351b03c8f8d9db8d6ba9875e0032d9728b?s=96&d=mm&r=g\",\"url\":\"https:\\\/\\\/secure.gravatar.com\\\/avatar\\\/6376d4104f411e63505d68f854d413351b03c8f8d9db8d6ba9875e0032d9728b?s=96&d=mm&r=g\",\"contentUrl\":\"https:\\\/\\\/secure.gravatar.com\\\/avatar\\\/6376d4104f411e63505d68f854d413351b03c8f8d9db8d6ba9875e0032d9728b?s=96&d=mm&r=g\",\"caption\":\"cdzrt\"},\"sameAs\":[\"http:\\\/\\\/centrumdzwoni.pl\"],\"url\":\"https:\\\/\\\/centrumdzwoni.pl\\\/?author=1\"}]}<\/script>\n<!-- \/ Yoast SEO plugin. -->","yoast_head_json":{"title":"Poczt\u00f3wki z wakacji\u00a0 - Centrum Doradztwa Zawodowego i Wspierania Os\u00f3b z Niepe\u0142nosprawno\u015bci\u0105 Intelektualn\u0105","robots":{"index":"index","follow":"follow","max-snippet":"max-snippet:-1","max-image-preview":"max-image-preview:large","max-video-preview":"max-video-preview:-1"},"canonical":"https:\/\/centrumdzwoni.pl\/?p=715","og_locale":"pl_PL","og_type":"article","og_title":"Poczt\u00f3wki z wakacji\u00a0 - Centrum Doradztwa Zawodowego i Wspierania Os\u00f3b z Niepe\u0142nosprawno\u015bci\u0105 Intelektualn\u0105","og_description":"Wakacje to wyj\u0105tkowy czas, wyczekiwany przez uczni\u00f3w i ch\u0119tnie planowany przez pracownik\u00f3w. To moment na podr\u00f3\u017ce, odkrywanie nowych miejsc, ale tak\u017ce na odpoczynek i regeneracj\u0119 si\u0142. Dla wielu os\u00f3b korzystaj\u0105cych ze wsparcia Centrum DZWONI lato to r\u00f3wnie\u017c czas pierwszych do\u015bwiadcze\u0144 z planowaniem i wykorzystywaniem prawa do urlopu wypoczynkowego. Trenerzy pracy towarzysz\u0105 klientom w tym procesie,&hellip;&nbsp;","og_url":"https:\/\/centrumdzwoni.pl\/?p=715","og_site_name":"Centrum Doradztwa Zawodowego i Wspierania Os\u00f3b z Niepe\u0142nosprawno\u015bci\u0105 Intelektualn\u0105","article_published_time":"2025-08-18T12:56:13+00:00","article_modified_time":"2025-09-18T07:11:33+00:00","og_image":[{"width":450,"height":337,"url":"https:\/\/centrumdzwoni.pl\/wp-content\/uploads\/2025\/09\/MINIATURA-NEW-DZOWNI-7.jpg","type":"image\/jpeg"}],"author":"cdzrt","twitter_card":"summary_large_image","twitter_misc":{"Napisane przez":"cdzrt","Szacowany czas czytania":"2 minuty"},"schema":{"@context":"https:\/\/schema.org","@graph":[{"@type":"Article","@id":"https:\/\/centrumdzwoni.pl\/?p=715#article","isPartOf":{"@id":"https:\/\/centrumdzwoni.pl\/?p=715"},"author":{"name":"cdzrt","@id":"https:\/\/centrumdzwoni.pl\/#\/schema\/person\/4a0e0a2c7a554743a7cdf8475554f4f1"},"headline":"Poczt\u00f3wki z wakacji\u00a0","datePublished":"2025-08-18T12:56:13+00:00","dateModified":"2025-09-18T07:11:33+00:00","mainEntityOfPage":{"@id":"https:\/\/centrumdzwoni.pl\/?p=715"},"wordCount":155,"commentCount":0,"publisher":{"@id":"https:\/\/centrumdzwoni.pl\/#organization"},"image":{"@id":"https:\/\/centrumdzwoni.pl\/?p=715#primaryimage"},"thumbnailUrl":"https:\/\/centrumdzwoni.pl\/wp-content\/uploads\/2025\/09\/MINIATURA-NEW-DZOWNI-7.jpg","inLanguage":"pl-PL","potentialAction":[{"@type":"CommentAction","name":"Comment","target":["https:\/\/centrumdzwoni.pl\/?p=715#respond"]}]},{"@type":"WebPage","@id":"https:\/\/centrumdzwoni.pl\/?p=715","url":"https:\/\/centrumdzwoni.pl\/?p=715","name":"Poczt\u00f3wki z wakacji\u00a0 - Centrum Doradztwa Zawodowego i Wspierania Os\u00f3b z Niepe\u0142nosprawno\u015bci\u0105 Intelektualn\u0105","isPartOf":{"@id":"https:\/\/centrumdzwoni.pl\/#website"},"primaryImageOfPage":{"@id":"https:\/\/centrumdzwoni.pl\/?p=715#primaryimage"},"image":{"@id":"https:\/\/centrumdzwoni.pl\/?p=715#primaryimage"},"thumbnailUrl":"https:\/\/centrumdzwoni.pl\/wp-content\/uploads\/2025\/09\/MINIATURA-NEW-DZOWNI-7.jpg","datePublished":"2025-08-18T12:56:13+00:00","dateModified":"2025-09-18T07:11:33+00:00","breadcrumb":{"@id":"https:\/\/centrumdzwoni.pl\/?p=715#breadcrumb"},"inLanguage":"pl-PL","potentialAction":[{"@type":"ReadAction","target":["https:\/\/centrumdzwoni.pl\/?p=715"]}]},{"@type":"ImageObject","inLanguage":"pl-PL","@id":"https:\/\/centrumdzwoni.pl\/?p=715#primaryimage","url":"https:\/\/centrumdzwoni.pl\/wp-content\/uploads\/2025\/09\/MINIATURA-NEW-DZOWNI-7.jpg","contentUrl":"https:\/\/centrumdzwoni.pl\/wp-content\/uploads\/2025\/09\/MINIATURA-NEW-DZOWNI-7.jpg","width":450,"height":337},{"@type":"BreadcrumbList","@id":"https:\/\/centrumdzwoni.pl\/?p=715#breadcrumb","itemListElement":[{"@type":"ListItem","position":1,"name":"Home","item":"https:\/\/centrumdzwoni.pl\/"},{"@type":"ListItem","position":2,"name":"Poczt\u00f3wki z wakacji\u00a0"}]},{"@type":"WebSite","@id":"https:\/\/centrumdzwoni.pl\/#website","url":"https:\/\/centrumdzwoni.pl\/","name":"Centrum Doradztwa Zawodowego i Wspierania Os\u00f3b z Niepe\u0142nosprawno\u015bci\u0105 Intelektualn\u0105","description":"","publisher":{"@id":"https:\/\/centrumdzwoni.pl\/#organization"},"potentialAction":[{"@type":"SearchAction","target":{"@type":"EntryPoint","urlTemplate":"https:\/\/centrumdzwoni.pl\/?s={search_term_string}"},"query-input":{"@type":"PropertyValueSpecification","valueRequired":true,"valueName":"search_term_string"}}],"inLanguage":"pl-PL"},{"@type":"Organization","@id":"https:\/\/centrumdzwoni.pl\/#organization","name":"Centrum Doradztwa Zawodowego i Wspierania Os\u00f3b z Niepe\u0142nosprawno\u015bci\u0105 Intelektualn\u0105","url":"https:\/\/centrumdzwoni.pl\/","logo":{"@type":"ImageObject","inLanguage":"pl-PL","@id":"https:\/\/centrumdzwoni.pl\/#\/schema\/logo\/image\/","url":"https:\/\/centrumdzwoni.pl\/wp-content\/uploads\/2025\/08\/logo-agency.png","contentUrl":"https:\/\/centrumdzwoni.pl\/wp-content\/uploads\/2025\/08\/logo-agency.png","width":200,"height":200,"caption":"Centrum Doradztwa Zawodowego i Wspierania Os\u00f3b z Niepe\u0142nosprawno\u015bci\u0105 Intelektualn\u0105"},"image":{"@id":"https:\/\/centrumdzwoni.pl\/#\/schema\/logo\/image\/"}},{"@type":"Person","@id":"https:\/\/centrumdzwoni.pl\/#\/schema\/person\/4a0e0a2c7a554743a7cdf8475554f4f1","name":"cdzrt","image":{"@type":"ImageObject","inLanguage":"pl-PL","@id":"https:\/\/secure.gravatar.com\/avatar\/6376d4104f411e63505d68f854d413351b03c8f8d9db8d6ba9875e0032d9728b?s=96&d=mm&r=g","url":"https:\/\/secure.gravatar.com\/avatar\/6376d4104f411e63505d68f854d413351b03c8f8d9db8d6ba9875e0032d9728b?s=96&d=mm&r=g","contentUrl":"https:\/\/secure.gravatar.com\/avatar\/6376d4104f411e63505d68f854d413351b03c8f8d9db8d6ba9875e0032d9728b?s=96&d=mm&r=g","caption":"cdzrt"},"sameAs":["http:\/\/centrumdzwoni.pl"],"url":"https:\/\/centrumdzwoni.pl\/?author=1"}]}},"_links":{"self":[{"href":"https:\/\/centrumdzwoni.pl\/index.php?rest_route=\/wp\/v2\/posts\/715","targetHints":{"allow":["GET"]}}],"collection":[{"href":"https:\/\/centrumdzwoni.pl\/index.php?rest_route=\/wp\/v2\/posts"}],"about":[{"href":"https:\/\/centrumdzwoni.pl\/index.php?rest_route=\/wp\/v2\/types\/post"}],"author":[{"embeddable":true,"href":"https:\/\/centrumdzwoni.pl\/index.php?rest_route=\/wp\/v2\/users\/1"}],"replies":[{"embeddable":true,"href":"https:\/\/centrumdzwoni.pl\/index.php?rest_route=%2Fwp%2Fv2%2Fcomments&post=715"}],"version-history":[{"count":7,"href":"https:\/\/centrumdzwoni.pl\/index.php?rest_route=\/wp\/v2\/posts\/715\/revisions"}],"predecessor-version":[{"id":728,"href":"https:\/\/centrumdzwoni.pl\/index.php?rest_route=\/wp\/v2\/posts\/715\/revisions\/728"}],"wp:featuredmedia":[{"embeddable":true,"href":"https:\/\/centrumdzwoni.pl\/index.php?rest_route=\/wp\/v2\/media\/716"}],"wp:attachment":[{"href":"https:\/\/centrumdzwoni.pl\/index.php?rest_route=%2Fwp%2Fv2%2Fmedia&parent=715"}],"wp:term":[{"taxonomy":"category","embeddable":true,"href":"https:\/\/centrumdzwoni.pl\/index.php?rest_route=%2Fwp%2Fv2%2Fcategories&post=715"},{"taxonomy":"post_tag","embeddable":true,"href":"https:\/\/centrumdzwoni.pl\/index.php?rest_route=%2Fwp%2Fv2%2Ftags&post=715"}],"curies":[{"name":"wp","href":"https:\/\/api.w.org\/{rel}","templated":true}]}}