{"id":888,"date":"2025-11-13T18:22:33","date_gmt":"2025-11-13T17:22:33","guid":{"rendered":"https:\/\/centrumdzwoni.pl\/?p=888"},"modified":"2025-11-16T18:27:00","modified_gmt":"2025-11-16T17:27:00","slug":"z-praktykanta-w-pracownika-maly-wielki-krok","status":"publish","type":"post","link":"https:\/\/centrumdzwoni.pl\/?p=888","title":{"rendered":"Z praktykanta w pracownika \u2013 ma\u0142y wielki krok"},"content":{"rendered":"\t\t<div data-elementor-type=\"wp-post\" data-elementor-id=\"888\" class=\"elementor elementor-888\">\n\t\t\t\t<div class=\"elementor-element elementor-element-093716d e-flex e-con-boxed e-con e-parent\" data-id=\"093716d\" data-element_type=\"container\" data-e-type=\"container\">\n\t\t\t\t\t<div class=\"e-con-inner\">\n\t\t\t\t<div class=\"elementor-element elementor-element-f092ad6 elementor-widget elementor-widget-text-editor\" data-id=\"f092ad6\" data-element_type=\"widget\" data-e-type=\"widget\" data-widget_type=\"text-editor.default\">\n\t\t\t\t<div class=\"elementor-widget-container\">\n\t\t\t\t\t\t\t\t\t<p>Pod koniec pa\u017adziernika Pan S\u0142awomir odbywa\u0142 indywidualne zaj\u0119cia praktyczne w firmie PGGO Ekogal &#8211; Ekopur zajmuj\u0105cej si\u0119 gospodark\u0105 odpadami wt\u00f3rnymi. Do jego g\u0142\u00f3wnych obowi\u0105zk\u00f3w nale\u017ca\u0142a segregacja odpad\u00f3w wed\u0142ug rodzaju materia\u0142u, porz\u0105dkowanie i przygotowywanie tworzyw sztucznych, karton\u00f3w oraz element\u00f3w metalowych do recyklingu. Ponadto, Klient segregowa\u0142 odpady przeznaczone na przemia\u0142, dbaj\u0105c o to, by nie trafi\u0142y tam elementy metalowe. <br \/>Podczas zaj\u0119\u0107 praktycznych Pan S\u0142awomir wykazywa\u0142 si\u0119 rzetelno\u015bci\u0105, sumienno\u015bci\u0105 i du\u017cym zaanga\u017cowaniem w powierzone zadania. By\u0142 punktualny, ch\u0119tnie podejmowa\u0142 si\u0119 nowych obowi\u0105zk\u00f3w i dobrze wsp\u00f3\u0142pracowa\u0142 z zespo\u0142em. Przestrzega\u0142 zasad BHP. <strong><br \/><\/strong>Dzi\u0119ki zdobytym umiej\u0119tno\u015bciom oraz pozytywnej opinii pracodawcy, zaj\u0119cia praktyczne zako\u0144czy\u0142y si\u0119 zatrudnieniem Pana S\u0142awomira.<\/p>\t\t\t\t\t\t\t\t<\/div>\n\t\t\t\t<\/div>\n\t\t\t\t\t<\/div>\n\t\t\t\t<\/div>\n\t\t<div class=\"elementor-element elementor-element-c8f39f5 e-flex e-con-boxed e-con e-parent\" data-id=\"c8f39f5\" data-element_type=\"container\" data-e-type=\"container\">\n\t\t\t\t\t<div class=\"e-con-inner\">\n\t\t\t\t<div class=\"elementor-element elementor-element-5201499 elementor-widget elementor-widget-image\" data-id=\"5201499\" data-element_type=\"widget\" data-e-type=\"widget\" data-widget_type=\"image.default\">\n\t\t\t\t<div class=\"elementor-widget-container\">\n\t\t\t\t\t\t\t\t\t\t\t\t\t\t\t<img fetchpriority=\"high\" decoding=\"async\" width=\"1000\" height=\"800\" src=\"https:\/\/centrumdzwoni.pl\/wp-content\/uploads\/2025\/11\/Kopia-\u2013-Kopia-\u2013-Kopia-\u2013-W-wa-targi-pracy-Praga.jpg\" class=\"attachment-full size-full wp-image-889\" alt=\"\" srcset=\"https:\/\/centrumdzwoni.pl\/wp-content\/uploads\/2025\/11\/Kopia-\u2013-Kopia-\u2013-Kopia-\u2013-W-wa-targi-pracy-Praga.jpg 1000w, https:\/\/centrumdzwoni.pl\/wp-content\/uploads\/2025\/11\/Kopia-\u2013-Kopia-\u2013-Kopia-\u2013-W-wa-targi-pracy-Praga-300x240.jpg 300w, https:\/\/centrumdzwoni.pl\/wp-content\/uploads\/2025\/11\/Kopia-\u2013-Kopia-\u2013-Kopia-\u2013-W-wa-targi-pracy-Praga-768x614.jpg 768w\" sizes=\"(max-width: 1000px) 100vw, 1000px\" \/>\t\t\t\t\t\t\t\t\t\t\t\t\t\t\t<\/div>\n\t\t\t\t<\/div>\n\t\t\t\t\t<\/div>\n\t\t\t\t<\/div>\n\t\t<div class=\"elementor-element elementor-element-3d86f03 e-flex e-con-boxed e-con e-parent\" data-id=\"3d86f03\" data-element_type=\"container\" data-e-type=\"container\">\n\t\t\t\t\t<div class=\"e-con-inner\">\n\t\t\t\t<div class=\"elementor-element elementor-element-533c5b2 elementor-widget elementor-widget-image\" data-id=\"533c5b2\" data-element_type=\"widget\" data-e-type=\"widget\" data-widget_type=\"image.default\">\n\t\t\t\t<div class=\"elementor-widget-container\">\n\t\t\t\t\t\t\t\t\t\t\t\t\t\t\t<img decoding=\"async\" width=\"768\" height=\"235\" src=\"https:\/\/centrumdzwoni.pl\/wp-content\/uploads\/2025\/08\/CDZV_stopka-768x235.png\" class=\"attachment-medium_large size-medium_large wp-image-561\" alt=\"\" srcset=\"https:\/\/centrumdzwoni.pl\/wp-content\/uploads\/2025\/08\/CDZV_stopka-768x235.png 768w, https:\/\/centrumdzwoni.pl\/wp-content\/uploads\/2025\/08\/CDZV_stopka-300x92.png 300w, https:\/\/centrumdzwoni.pl\/wp-content\/uploads\/2025\/08\/CDZV_stopka-1024x313.png 1024w, https:\/\/centrumdzwoni.pl\/wp-content\/uploads\/2025\/08\/CDZV_stopka-1536x469.png 1536w, https:\/\/centrumdzwoni.pl\/wp-content\/uploads\/2025\/08\/CDZV_stopka-2048x625.png 2048w\" sizes=\"(max-width: 768px) 100vw, 768px\" \/>\t\t\t\t\t\t\t\t\t\t\t\t\t\t\t<\/div>\n\t\t\t\t<\/div>\n\t\t\t\t\t<\/div>\n\t\t\t\t<\/div>\n\t\t\t\t<\/div>\n\t\t","protected":false},"excerpt":{"rendered":"<p>Pod koniec pa\u017adziernika Pan S\u0142awomir odbywa\u0142 indywidualne zaj\u0119cia praktyczne w firmie PGGO Ekogal &#8211; Ekopur zajmuj\u0105cej si\u0119 gospodark\u0105 odpadami wt\u00f3rnymi. Do jego g\u0142\u00f3wnych obowi\u0105zk\u00f3w nale\u017ca\u0142a segregacja odpad\u00f3w wed\u0142ug rodzaju materia\u0142u, porz\u0105dkowanie i przygotowywanie tworzyw sztucznych, karton\u00f3w oraz element\u00f3w metalowych do recyklingu. Ponadto, Klient segregowa\u0142 odpady przeznaczone na przemia\u0142, dbaj\u0105c o to, by nie trafi\u0142y tam&hellip;&nbsp;<\/p>\n","protected":false},"author":2,"featured_media":890,"comment_status":"open","ping_status":"open","sticky":false,"template":"","format":"standard","meta":{"neve_meta_sidebar":"full-width","neve_meta_container":"contained","neve_meta_enable_content_width":"","neve_meta_content_width":0,"neve_meta_title_alignment":"","neve_meta_author_avatar":"","neve_post_elements_order":"[\"title\",\"content\"]","neve_meta_disable_header":"","neve_meta_disable_footer":"","neve_meta_disable_title":"","footnotes":""},"categories":[1],"tags":[],"class_list":["post-888","post","type-post","status-publish","format-standard","has-post-thumbnail","hentry","category-bez-kategorii"],"yoast_head":"<!-- This site is optimized with the Yoast SEO plugin v27.5 - https:\/\/yoast.com\/product\/yoast-seo-wordpress\/ -->\n<title>Z praktykanta w pracownika \u2013 ma\u0142y wielki krok - Centrum Doradztwa Zawodowego i Wspierania Os\u00f3b z Niepe\u0142nosprawno\u015bci\u0105 Intelektualn\u0105<\/title>\n<meta name=\"robots\" content=\"index, follow, max-snippet:-1, max-image-preview:large, max-video-preview:-1\" \/>\n<link rel=\"canonical\" href=\"https:\/\/centrumdzwoni.pl\/?p=888\" \/>\n<meta property=\"og:locale\" content=\"pl_PL\" \/>\n<meta property=\"og:type\" content=\"article\" \/>\n<meta property=\"og:title\" content=\"Z praktykanta w pracownika \u2013 ma\u0142y wielki krok - Centrum Doradztwa Zawodowego i Wspierania Os\u00f3b z Niepe\u0142nosprawno\u015bci\u0105 Intelektualn\u0105\" \/>\n<meta property=\"og:description\" content=\"Pod koniec pa\u017adziernika Pan S\u0142awomir odbywa\u0142 indywidualne zaj\u0119cia praktyczne w firmie PGGO Ekogal &#8211; Ekopur zajmuj\u0105cej si\u0119 gospodark\u0105 odpadami wt\u00f3rnymi. Do jego g\u0142\u00f3wnych obowi\u0105zk\u00f3w nale\u017ca\u0142a segregacja odpad\u00f3w wed\u0142ug rodzaju materia\u0142u, porz\u0105dkowanie i przygotowywanie tworzyw sztucznych, karton\u00f3w oraz element\u00f3w metalowych do recyklingu. Ponadto, Klient segregowa\u0142 odpady przeznaczone na przemia\u0142, dbaj\u0105c o to, by nie trafi\u0142y tam&hellip;&nbsp;\" \/>\n<meta property=\"og:url\" content=\"https:\/\/centrumdzwoni.pl\/?p=888\" \/>\n<meta property=\"og:site_name\" content=\"Centrum Doradztwa Zawodowego i Wspierania Os\u00f3b z Niepe\u0142nosprawno\u015bci\u0105 Intelektualn\u0105\" \/>\n<meta property=\"article:published_time\" content=\"2025-11-13T17:22:33+00:00\" \/>\n<meta property=\"article:modified_time\" content=\"2025-11-16T17:27:00+00:00\" \/>\n<meta property=\"og:image\" content=\"https:\/\/centrumdzwoni.pl\/wp-content\/uploads\/2025\/11\/MINIATURA-NEW-DZOWNI-17-1.jpg\" \/>\n\t<meta property=\"og:image:width\" content=\"450\" \/>\n\t<meta property=\"og:image:height\" content=\"337\" \/>\n\t<meta property=\"og:image:type\" content=\"image\/jpeg\" \/>\n<meta name=\"author\" content=\"Ewa Szafranek\" \/>\n<meta name=\"twitter:card\" content=\"summary_large_image\" \/>\n<meta name=\"twitter:label1\" content=\"Napisane przez\" \/>\n\t<meta name=\"twitter:data1\" content=\"Ewa Szafranek\" \/>\n\t<meta name=\"twitter:label2\" content=\"Szacowany czas czytania\" \/>\n\t<meta name=\"twitter:data2\" content=\"2 minuty\" \/>\n<script type=\"application\/ld+json\" class=\"yoast-schema-graph\">{\"@context\":\"https:\\\/\\\/schema.org\",\"@graph\":[{\"@type\":\"Article\",\"@id\":\"https:\\\/\\\/centrumdzwoni.pl\\\/?p=888#article\",\"isPartOf\":{\"@id\":\"https:\\\/\\\/centrumdzwoni.pl\\\/?p=888\"},\"author\":{\"name\":\"Ewa Szafranek\",\"@id\":\"https:\\\/\\\/centrumdzwoni.pl\\\/#\\\/schema\\\/person\\\/ff64994dd88c82aa929bd427387b5d0c\"},\"headline\":\"Z praktykanta w pracownika \u2013 ma\u0142y wielki krok\",\"datePublished\":\"2025-11-13T17:22:33+00:00\",\"dateModified\":\"2025-11-16T17:27:00+00:00\",\"mainEntityOfPage\":{\"@id\":\"https:\\\/\\\/centrumdzwoni.pl\\\/?p=888\"},\"wordCount\":144,\"commentCount\":0,\"publisher\":{\"@id\":\"https:\\\/\\\/centrumdzwoni.pl\\\/#organization\"},\"image\":{\"@id\":\"https:\\\/\\\/centrumdzwoni.pl\\\/?p=888#primaryimage\"},\"thumbnailUrl\":\"https:\\\/\\\/centrumdzwoni.pl\\\/wp-content\\\/uploads\\\/2025\\\/11\\\/MINIATURA-NEW-DZOWNI-17-1.jpg\",\"inLanguage\":\"pl-PL\",\"potentialAction\":[{\"@type\":\"CommentAction\",\"name\":\"Comment\",\"target\":[\"https:\\\/\\\/centrumdzwoni.pl\\\/?p=888#respond\"]}]},{\"@type\":\"WebPage\",\"@id\":\"https:\\\/\\\/centrumdzwoni.pl\\\/?p=888\",\"url\":\"https:\\\/\\\/centrumdzwoni.pl\\\/?p=888\",\"name\":\"Z praktykanta w pracownika \u2013 ma\u0142y wielki krok - Centrum Doradztwa Zawodowego i Wspierania Os\u00f3b z Niepe\u0142nosprawno\u015bci\u0105 Intelektualn\u0105\",\"isPartOf\":{\"@id\":\"https:\\\/\\\/centrumdzwoni.pl\\\/#website\"},\"primaryImageOfPage\":{\"@id\":\"https:\\\/\\\/centrumdzwoni.pl\\\/?p=888#primaryimage\"},\"image\":{\"@id\":\"https:\\\/\\\/centrumdzwoni.pl\\\/?p=888#primaryimage\"},\"thumbnailUrl\":\"https:\\\/\\\/centrumdzwoni.pl\\\/wp-content\\\/uploads\\\/2025\\\/11\\\/MINIATURA-NEW-DZOWNI-17-1.jpg\",\"datePublished\":\"2025-11-13T17:22:33+00:00\",\"dateModified\":\"2025-11-16T17:27:00+00:00\",\"breadcrumb\":{\"@id\":\"https:\\\/\\\/centrumdzwoni.pl\\\/?p=888#breadcrumb\"},\"inLanguage\":\"pl-PL\",\"potentialAction\":[{\"@type\":\"ReadAction\",\"target\":[\"https:\\\/\\\/centrumdzwoni.pl\\\/?p=888\"]}]},{\"@type\":\"ImageObject\",\"inLanguage\":\"pl-PL\",\"@id\":\"https:\\\/\\\/centrumdzwoni.pl\\\/?p=888#primaryimage\",\"url\":\"https:\\\/\\\/centrumdzwoni.pl\\\/wp-content\\\/uploads\\\/2025\\\/11\\\/MINIATURA-NEW-DZOWNI-17-1.jpg\",\"contentUrl\":\"https:\\\/\\\/centrumdzwoni.pl\\\/wp-content\\\/uploads\\\/2025\\\/11\\\/MINIATURA-NEW-DZOWNI-17-1.jpg\",\"width\":450,\"height\":337},{\"@type\":\"BreadcrumbList\",\"@id\":\"https:\\\/\\\/centrumdzwoni.pl\\\/?p=888#breadcrumb\",\"itemListElement\":[{\"@type\":\"ListItem\",\"position\":1,\"name\":\"Home\",\"item\":\"https:\\\/\\\/centrumdzwoni.pl\\\/\"},{\"@type\":\"ListItem\",\"position\":2,\"name\":\"Z praktykanta w pracownika \u2013 ma\u0142y wielki krok\"}]},{\"@type\":\"WebSite\",\"@id\":\"https:\\\/\\\/centrumdzwoni.pl\\\/#website\",\"url\":\"https:\\\/\\\/centrumdzwoni.pl\\\/\",\"name\":\"Centrum Doradztwa Zawodowego i Wspierania Os\u00f3b z Niepe\u0142nosprawno\u015bci\u0105 Intelektualn\u0105\",\"description\":\"\",\"publisher\":{\"@id\":\"https:\\\/\\\/centrumdzwoni.pl\\\/#organization\"},\"potentialAction\":[{\"@type\":\"SearchAction\",\"target\":{\"@type\":\"EntryPoint\",\"urlTemplate\":\"https:\\\/\\\/centrumdzwoni.pl\\\/?s={search_term_string}\"},\"query-input\":{\"@type\":\"PropertyValueSpecification\",\"valueRequired\":true,\"valueName\":\"search_term_string\"}}],\"inLanguage\":\"pl-PL\"},{\"@type\":\"Organization\",\"@id\":\"https:\\\/\\\/centrumdzwoni.pl\\\/#organization\",\"name\":\"Centrum Doradztwa Zawodowego i Wspierania Os\u00f3b z Niepe\u0142nosprawno\u015bci\u0105 Intelektualn\u0105\",\"url\":\"https:\\\/\\\/centrumdzwoni.pl\\\/\",\"logo\":{\"@type\":\"ImageObject\",\"inLanguage\":\"pl-PL\",\"@id\":\"https:\\\/\\\/centrumdzwoni.pl\\\/#\\\/schema\\\/logo\\\/image\\\/\",\"url\":\"https:\\\/\\\/centrumdzwoni.pl\\\/wp-content\\\/uploads\\\/2025\\\/08\\\/logo-agency.png\",\"contentUrl\":\"https:\\\/\\\/centrumdzwoni.pl\\\/wp-content\\\/uploads\\\/2025\\\/08\\\/logo-agency.png\",\"width\":200,\"height\":200,\"caption\":\"Centrum Doradztwa Zawodowego i Wspierania Os\u00f3b z Niepe\u0142nosprawno\u015bci\u0105 Intelektualn\u0105\"},\"image\":{\"@id\":\"https:\\\/\\\/centrumdzwoni.pl\\\/#\\\/schema\\\/logo\\\/image\\\/\"}},{\"@type\":\"Person\",\"@id\":\"https:\\\/\\\/centrumdzwoni.pl\\\/#\\\/schema\\\/person\\\/ff64994dd88c82aa929bd427387b5d0c\",\"name\":\"Ewa Szafranek\",\"image\":{\"@type\":\"ImageObject\",\"inLanguage\":\"pl-PL\",\"@id\":\"https:\\\/\\\/secure.gravatar.com\\\/avatar\\\/2381268678139c7b16f1e1084140b3e2374c9c9b2635000c0177e42777750fde?s=96&d=mm&r=g\",\"url\":\"https:\\\/\\\/secure.gravatar.com\\\/avatar\\\/2381268678139c7b16f1e1084140b3e2374c9c9b2635000c0177e42777750fde?s=96&d=mm&r=g\",\"contentUrl\":\"https:\\\/\\\/secure.gravatar.com\\\/avatar\\\/2381268678139c7b16f1e1084140b3e2374c9c9b2635000c0177e42777750fde?s=96&d=mm&r=g\",\"caption\":\"Ewa Szafranek\"},\"url\":\"https:\\\/\\\/centrumdzwoni.pl\\\/?author=2\"}]}<\/script>\n<!-- \/ Yoast SEO plugin. -->","yoast_head_json":{"title":"Z praktykanta w pracownika \u2013 ma\u0142y wielki krok - Centrum Doradztwa Zawodowego i Wspierania Os\u00f3b z Niepe\u0142nosprawno\u015bci\u0105 Intelektualn\u0105","robots":{"index":"index","follow":"follow","max-snippet":"max-snippet:-1","max-image-preview":"max-image-preview:large","max-video-preview":"max-video-preview:-1"},"canonical":"https:\/\/centrumdzwoni.pl\/?p=888","og_locale":"pl_PL","og_type":"article","og_title":"Z praktykanta w pracownika \u2013 ma\u0142y wielki krok - Centrum Doradztwa Zawodowego i Wspierania Os\u00f3b z Niepe\u0142nosprawno\u015bci\u0105 Intelektualn\u0105","og_description":"Pod koniec pa\u017adziernika Pan S\u0142awomir odbywa\u0142 indywidualne zaj\u0119cia praktyczne w firmie PGGO Ekogal &#8211; Ekopur zajmuj\u0105cej si\u0119 gospodark\u0105 odpadami wt\u00f3rnymi. Do jego g\u0142\u00f3wnych obowi\u0105zk\u00f3w nale\u017ca\u0142a segregacja odpad\u00f3w wed\u0142ug rodzaju materia\u0142u, porz\u0105dkowanie i przygotowywanie tworzyw sztucznych, karton\u00f3w oraz element\u00f3w metalowych do recyklingu. Ponadto, Klient segregowa\u0142 odpady przeznaczone na przemia\u0142, dbaj\u0105c o to, by nie trafi\u0142y tam&hellip;&nbsp;","og_url":"https:\/\/centrumdzwoni.pl\/?p=888","og_site_name":"Centrum Doradztwa Zawodowego i Wspierania Os\u00f3b z Niepe\u0142nosprawno\u015bci\u0105 Intelektualn\u0105","article_published_time":"2025-11-13T17:22:33+00:00","article_modified_time":"2025-11-16T17:27:00+00:00","og_image":[{"width":450,"height":337,"url":"https:\/\/centrumdzwoni.pl\/wp-content\/uploads\/2025\/11\/MINIATURA-NEW-DZOWNI-17-1.jpg","type":"image\/jpeg"}],"author":"Ewa Szafranek","twitter_card":"summary_large_image","twitter_misc":{"Napisane przez":"Ewa Szafranek","Szacowany czas czytania":"2 minuty"},"schema":{"@context":"https:\/\/schema.org","@graph":[{"@type":"Article","@id":"https:\/\/centrumdzwoni.pl\/?p=888#article","isPartOf":{"@id":"https:\/\/centrumdzwoni.pl\/?p=888"},"author":{"name":"Ewa Szafranek","@id":"https:\/\/centrumdzwoni.pl\/#\/schema\/person\/ff64994dd88c82aa929bd427387b5d0c"},"headline":"Z praktykanta w pracownika \u2013 ma\u0142y wielki krok","datePublished":"2025-11-13T17:22:33+00:00","dateModified":"2025-11-16T17:27:00+00:00","mainEntityOfPage":{"@id":"https:\/\/centrumdzwoni.pl\/?p=888"},"wordCount":144,"commentCount":0,"publisher":{"@id":"https:\/\/centrumdzwoni.pl\/#organization"},"image":{"@id":"https:\/\/centrumdzwoni.pl\/?p=888#primaryimage"},"thumbnailUrl":"https:\/\/centrumdzwoni.pl\/wp-content\/uploads\/2025\/11\/MINIATURA-NEW-DZOWNI-17-1.jpg","inLanguage":"pl-PL","potentialAction":[{"@type":"CommentAction","name":"Comment","target":["https:\/\/centrumdzwoni.pl\/?p=888#respond"]}]},{"@type":"WebPage","@id":"https:\/\/centrumdzwoni.pl\/?p=888","url":"https:\/\/centrumdzwoni.pl\/?p=888","name":"Z praktykanta w pracownika \u2013 ma\u0142y wielki krok - Centrum Doradztwa Zawodowego i Wspierania Os\u00f3b z Niepe\u0142nosprawno\u015bci\u0105 Intelektualn\u0105","isPartOf":{"@id":"https:\/\/centrumdzwoni.pl\/#website"},"primaryImageOfPage":{"@id":"https:\/\/centrumdzwoni.pl\/?p=888#primaryimage"},"image":{"@id":"https:\/\/centrumdzwoni.pl\/?p=888#primaryimage"},"thumbnailUrl":"https:\/\/centrumdzwoni.pl\/wp-content\/uploads\/2025\/11\/MINIATURA-NEW-DZOWNI-17-1.jpg","datePublished":"2025-11-13T17:22:33+00:00","dateModified":"2025-11-16T17:27:00+00:00","breadcrumb":{"@id":"https:\/\/centrumdzwoni.pl\/?p=888#breadcrumb"},"inLanguage":"pl-PL","potentialAction":[{"@type":"ReadAction","target":["https:\/\/centrumdzwoni.pl\/?p=888"]}]},{"@type":"ImageObject","inLanguage":"pl-PL","@id":"https:\/\/centrumdzwoni.pl\/?p=888#primaryimage","url":"https:\/\/centrumdzwoni.pl\/wp-content\/uploads\/2025\/11\/MINIATURA-NEW-DZOWNI-17-1.jpg","contentUrl":"https:\/\/centrumdzwoni.pl\/wp-content\/uploads\/2025\/11\/MINIATURA-NEW-DZOWNI-17-1.jpg","width":450,"height":337},{"@type":"BreadcrumbList","@id":"https:\/\/centrumdzwoni.pl\/?p=888#breadcrumb","itemListElement":[{"@type":"ListItem","position":1,"name":"Home","item":"https:\/\/centrumdzwoni.pl\/"},{"@type":"ListItem","position":2,"name":"Z praktykanta w pracownika \u2013 ma\u0142y wielki krok"}]},{"@type":"WebSite","@id":"https:\/\/centrumdzwoni.pl\/#website","url":"https:\/\/centrumdzwoni.pl\/","name":"Centrum Doradztwa Zawodowego i Wspierania Os\u00f3b z Niepe\u0142nosprawno\u015bci\u0105 Intelektualn\u0105","description":"","publisher":{"@id":"https:\/\/centrumdzwoni.pl\/#organization"},"potentialAction":[{"@type":"SearchAction","target":{"@type":"EntryPoint","urlTemplate":"https:\/\/centrumdzwoni.pl\/?s={search_term_string}"},"query-input":{"@type":"PropertyValueSpecification","valueRequired":true,"valueName":"search_term_string"}}],"inLanguage":"pl-PL"},{"@type":"Organization","@id":"https:\/\/centrumdzwoni.pl\/#organization","name":"Centrum Doradztwa Zawodowego i Wspierania Os\u00f3b z Niepe\u0142nosprawno\u015bci\u0105 Intelektualn\u0105","url":"https:\/\/centrumdzwoni.pl\/","logo":{"@type":"ImageObject","inLanguage":"pl-PL","@id":"https:\/\/centrumdzwoni.pl\/#\/schema\/logo\/image\/","url":"https:\/\/centrumdzwoni.pl\/wp-content\/uploads\/2025\/08\/logo-agency.png","contentUrl":"https:\/\/centrumdzwoni.pl\/wp-content\/uploads\/2025\/08\/logo-agency.png","width":200,"height":200,"caption":"Centrum Doradztwa Zawodowego i Wspierania Os\u00f3b z Niepe\u0142nosprawno\u015bci\u0105 Intelektualn\u0105"},"image":{"@id":"https:\/\/centrumdzwoni.pl\/#\/schema\/logo\/image\/"}},{"@type":"Person","@id":"https:\/\/centrumdzwoni.pl\/#\/schema\/person\/ff64994dd88c82aa929bd427387b5d0c","name":"Ewa Szafranek","image":{"@type":"ImageObject","inLanguage":"pl-PL","@id":"https:\/\/secure.gravatar.com\/avatar\/2381268678139c7b16f1e1084140b3e2374c9c9b2635000c0177e42777750fde?s=96&d=mm&r=g","url":"https:\/\/secure.gravatar.com\/avatar\/2381268678139c7b16f1e1084140b3e2374c9c9b2635000c0177e42777750fde?s=96&d=mm&r=g","contentUrl":"https:\/\/secure.gravatar.com\/avatar\/2381268678139c7b16f1e1084140b3e2374c9c9b2635000c0177e42777750fde?s=96&d=mm&r=g","caption":"Ewa Szafranek"},"url":"https:\/\/centrumdzwoni.pl\/?author=2"}]}},"_links":{"self":[{"href":"https:\/\/centrumdzwoni.pl\/index.php?rest_route=\/wp\/v2\/posts\/888","targetHints":{"allow":["GET"]}}],"collection":[{"href":"https:\/\/centrumdzwoni.pl\/index.php?rest_route=\/wp\/v2\/posts"}],"about":[{"href":"https:\/\/centrumdzwoni.pl\/index.php?rest_route=\/wp\/v2\/types\/post"}],"author":[{"embeddable":true,"href":"https:\/\/centrumdzwoni.pl\/index.php?rest_route=\/wp\/v2\/users\/2"}],"replies":[{"embeddable":true,"href":"https:\/\/centrumdzwoni.pl\/index.php?rest_route=%2Fwp%2Fv2%2Fcomments&post=888"}],"version-history":[{"count":7,"href":"https:\/\/centrumdzwoni.pl\/index.php?rest_route=\/wp\/v2\/posts\/888\/revisions"}],"predecessor-version":[{"id":897,"href":"https:\/\/centrumdzwoni.pl\/index.php?rest_route=\/wp\/v2\/posts\/888\/revisions\/897"}],"wp:featuredmedia":[{"embeddable":true,"href":"https:\/\/centrumdzwoni.pl\/index.php?rest_route=\/wp\/v2\/media\/890"}],"wp:attachment":[{"href":"https:\/\/centrumdzwoni.pl\/index.php?rest_route=%2Fwp%2Fv2%2Fmedia&parent=888"}],"wp:term":[{"taxonomy":"category","embeddable":true,"href":"https:\/\/centrumdzwoni.pl\/index.php?rest_route=%2Fwp%2Fv2%2Fcategories&post=888"},{"taxonomy":"post_tag","embeddable":true,"href":"https:\/\/centrumdzwoni.pl\/index.php?rest_route=%2Fwp%2Fv2%2Ftags&post=888"}],"curies":[{"name":"wp","href":"https:\/\/api.w.org\/{rel}","templated":true}]}}