{"id":898,"date":"2025-11-25T13:37:09","date_gmt":"2025-11-25T12:37:09","guid":{"rendered":"https:\/\/centrumdzwoni.pl\/?p=898"},"modified":"2025-11-25T13:40:09","modified_gmt":"2025-11-25T12:40:09","slug":"pasja-do-ludzi","status":"publish","type":"post","link":"https:\/\/centrumdzwoni.pl\/?p=898","title":{"rendered":"Pasja do ludzi"},"content":{"rendered":"\t\t<div data-elementor-type=\"wp-post\" data-elementor-id=\"898\" class=\"elementor elementor-898\">\n\t\t\t\t<div class=\"elementor-element elementor-element-d59e408 e-flex e-con-boxed e-con e-parent\" data-id=\"d59e408\" data-element_type=\"container\" data-e-type=\"container\">\n\t\t\t\t\t<div class=\"e-con-inner\">\n\t\t\t\t<div class=\"elementor-element elementor-element-bb6daf1 elementor-widget elementor-widget-text-editor\" data-id=\"bb6daf1\" data-element_type=\"widget\" data-e-type=\"widget\" data-widget_type=\"text-editor.default\">\n\t\t\t\t<div class=\"elementor-widget-container\">\n\t\t\t\t\t\t\t\t\t<p>Z przyjemno\u015bci\u0105 informujemy o naszej nowej wsp\u00f3\u0142pracy z kawiarni\u0105 Omni Kaiser, po\u0142o\u017con\u0105 w samym sercu Gdyni. Jest to miejsce tworzone z pasj\u0105, w kt\u00f3rym liczy si\u0119 nie tylko dobra kawa, ale tak\u017ce \u017cyczliwa atmosfera i otwarto\u015b\u0107 na ludzi.<br \/>Od niedawna do zespo\u0142u Omni Kaiser do\u0142\u0105czy\u0142 Pan Przemek. Jego codzienne obowi\u0105zki obejmuj\u0105 zmywanie naczy\u0144, dbanie o porz\u0105dek na zapleczu oraz wykonywanie r\u00f3\u017cnorodnych zada\u0144 wspieraj\u0105cych funkcjonowanie lokalu. Pan Przemek szybko odnalaz\u0142 si\u0119 w nowym \u015brodowisku i z du\u017cym zaanga\u017cowaniem wykonuje swoje obowi\u0105zki, za co zebra\u0142 ju\u017c wiele pozytywnych s\u0142\u00f3w uznania od wsp\u00f3\u0142pracownik\u00f3w. Wszyscy doceniaj\u0105 jego energi\u0119, staranno\u015b\u0107 i ch\u0119\u0107 do nauki nowych rzeczy.<br \/>Mimo tego, \u017ce lokal jest do\u015b\u0107 ma\u0142y, pracownikom nie brakuje otwarto\u015bci i gotowo\u015bci do wspierania os\u00f3b chc\u0105cych spr\u00f3bowa\u0107 swoich si\u0142 w pracy. Z tego powodu niedawno swoj\u0105 pr\u00f3bk\u0119 pracy odby\u0142 tam r\u00f3wnie\u017c Pan Piotr, kt\u00f3ry mia\u0142 okazj\u0119 pozna\u0107 specyfik\u0119 pracy w kawiarni.<br \/>Jeste\u015bmy wdzi\u0119czni zespo\u0142owi Omni Kaiser za serdeczne przyj\u0119cie naszych klient\u00f3w i stworzenie im przestrzeni do rozwoju.<br \/>Panu Przemkowi \u017cyczymy powodzenia, wielu nowych do\u015bwiadcze\u0144 i satysfakcji z wykonywanej pracy. Wierzymy, \u017ce to pocz\u0105tek pi\u0119knej zawodowej drogi!<\/p>\t\t\t\t\t\t\t\t<\/div>\n\t\t\t\t<\/div>\n\t\t\t\t\t<\/div>\n\t\t\t\t<\/div>\n\t\t<div class=\"elementor-element elementor-element-4e09de8 e-flex e-con-boxed e-con e-parent\" data-id=\"4e09de8\" data-element_type=\"container\" data-e-type=\"container\">\n\t\t\t\t\t<div class=\"e-con-inner\">\n\t\t\t\t<div class=\"elementor-element elementor-element-a133243 elementor-widget elementor-widget-image\" data-id=\"a133243\" data-element_type=\"widget\" data-e-type=\"widget\" data-widget_type=\"image.default\">\n\t\t\t\t<div class=\"elementor-widget-container\">\n\t\t\t\t\t\t\t\t\t\t\t\t\t\t\t<img fetchpriority=\"high\" decoding=\"async\" width=\"1000\" height=\"800\" src=\"https:\/\/centrumdzwoni.pl\/wp-content\/uploads\/2025\/11\/Kawiarnia-Gdynia.jpg\" class=\"attachment-full size-full wp-image-899\" alt=\"\" srcset=\"https:\/\/centrumdzwoni.pl\/wp-content\/uploads\/2025\/11\/Kawiarnia-Gdynia.jpg 1000w, https:\/\/centrumdzwoni.pl\/wp-content\/uploads\/2025\/11\/Kawiarnia-Gdynia-300x240.jpg 300w, https:\/\/centrumdzwoni.pl\/wp-content\/uploads\/2025\/11\/Kawiarnia-Gdynia-768x614.jpg 768w\" sizes=\"(max-width: 1000px) 100vw, 1000px\" \/>\t\t\t\t\t\t\t\t\t\t\t\t\t\t\t<\/div>\n\t\t\t\t<\/div>\n\t\t\t\t\t<\/div>\n\t\t\t\t<\/div>\n\t\t<div class=\"elementor-element elementor-element-8d6d643 e-flex e-con-boxed e-con e-parent\" data-id=\"8d6d643\" data-element_type=\"container\" data-e-type=\"container\">\n\t\t\t\t\t<div class=\"e-con-inner\">\n\t\t\t\t<div class=\"elementor-element elementor-element-ff414d8 elementor-widget elementor-widget-image\" data-id=\"ff414d8\" data-element_type=\"widget\" data-e-type=\"widget\" data-widget_type=\"image.default\">\n\t\t\t\t<div class=\"elementor-widget-container\">\n\t\t\t\t\t\t\t\t\t\t\t\t\t\t\t<img decoding=\"async\" width=\"768\" height=\"235\" src=\"https:\/\/centrumdzwoni.pl\/wp-content\/uploads\/2025\/08\/CDZV_stopka-768x235.png\" class=\"attachment-medium_large size-medium_large wp-image-561\" alt=\"\" srcset=\"https:\/\/centrumdzwoni.pl\/wp-content\/uploads\/2025\/08\/CDZV_stopka-768x235.png 768w, https:\/\/centrumdzwoni.pl\/wp-content\/uploads\/2025\/08\/CDZV_stopka-300x92.png 300w, https:\/\/centrumdzwoni.pl\/wp-content\/uploads\/2025\/08\/CDZV_stopka-1024x313.png 1024w, https:\/\/centrumdzwoni.pl\/wp-content\/uploads\/2025\/08\/CDZV_stopka-1536x469.png 1536w, https:\/\/centrumdzwoni.pl\/wp-content\/uploads\/2025\/08\/CDZV_stopka-2048x625.png 2048w\" sizes=\"(max-width: 768px) 100vw, 768px\" \/>\t\t\t\t\t\t\t\t\t\t\t\t\t\t\t<\/div>\n\t\t\t\t<\/div>\n\t\t\t\t\t<\/div>\n\t\t\t\t<\/div>\n\t\t\t\t<\/div>\n\t\t","protected":false},"excerpt":{"rendered":"<p>Z przyjemno\u015bci\u0105 informujemy o naszej nowej wsp\u00f3\u0142pracy z kawiarni\u0105 Omni Kaiser, po\u0142o\u017con\u0105 w samym sercu Gdyni. Jest to miejsce tworzone z pasj\u0105, w kt\u00f3rym liczy si\u0119 nie tylko dobra kawa, ale tak\u017ce \u017cyczliwa atmosfera i otwarto\u015b\u0107 na ludzi.Od niedawna do zespo\u0142u Omni Kaiser do\u0142\u0105czy\u0142 Pan Przemek. Jego codzienne obowi\u0105zki obejmuj\u0105 zmywanie naczy\u0144, dbanie o porz\u0105dek&hellip;&nbsp;<\/p>\n","protected":false},"author":2,"featured_media":900,"comment_status":"open","ping_status":"open","sticky":false,"template":"","format":"standard","meta":{"neve_meta_sidebar":"full-width","neve_meta_container":"contained","neve_meta_enable_content_width":"","neve_meta_content_width":0,"neve_meta_title_alignment":"","neve_meta_author_avatar":"","neve_post_elements_order":"[\"title\",\"content\"]","neve_meta_disable_header":"","neve_meta_disable_footer":"","neve_meta_disable_title":"","footnotes":""},"categories":[1],"tags":[],"class_list":["post-898","post","type-post","status-publish","format-standard","has-post-thumbnail","hentry","category-bez-kategorii"],"yoast_head":"<!-- This site is optimized with the Yoast SEO plugin v27.5 - https:\/\/yoast.com\/product\/yoast-seo-wordpress\/ -->\n<title>Pasja do ludzi - Centrum Doradztwa Zawodowego i Wspierania Os\u00f3b z Niepe\u0142nosprawno\u015bci\u0105 Intelektualn\u0105<\/title>\n<meta name=\"robots\" content=\"index, follow, max-snippet:-1, max-image-preview:large, max-video-preview:-1\" \/>\n<link rel=\"canonical\" href=\"https:\/\/centrumdzwoni.pl\/?p=898\" \/>\n<meta property=\"og:locale\" content=\"pl_PL\" \/>\n<meta property=\"og:type\" content=\"article\" \/>\n<meta property=\"og:title\" content=\"Pasja do ludzi - Centrum Doradztwa Zawodowego i Wspierania Os\u00f3b z Niepe\u0142nosprawno\u015bci\u0105 Intelektualn\u0105\" \/>\n<meta property=\"og:description\" content=\"Z przyjemno\u015bci\u0105 informujemy o naszej nowej wsp\u00f3\u0142pracy z kawiarni\u0105 Omni Kaiser, po\u0142o\u017con\u0105 w samym sercu Gdyni. Jest to miejsce tworzone z pasj\u0105, w kt\u00f3rym liczy si\u0119 nie tylko dobra kawa, ale tak\u017ce \u017cyczliwa atmosfera i otwarto\u015b\u0107 na ludzi.Od niedawna do zespo\u0142u Omni Kaiser do\u0142\u0105czy\u0142 Pan Przemek. Jego codzienne obowi\u0105zki obejmuj\u0105 zmywanie naczy\u0144, dbanie o porz\u0105dek&hellip;&nbsp;\" \/>\n<meta property=\"og:url\" content=\"https:\/\/centrumdzwoni.pl\/?p=898\" \/>\n<meta property=\"og:site_name\" content=\"Centrum Doradztwa Zawodowego i Wspierania Os\u00f3b z Niepe\u0142nosprawno\u015bci\u0105 Intelektualn\u0105\" \/>\n<meta property=\"article:published_time\" content=\"2025-11-25T12:37:09+00:00\" \/>\n<meta property=\"article:modified_time\" content=\"2025-11-25T12:40:09+00:00\" \/>\n<meta property=\"og:image\" content=\"https:\/\/centrumdzwoni.pl\/wp-content\/uploads\/2025\/11\/MINIATURA-NEW-DZOWNI-18.jpg\" \/>\n\t<meta property=\"og:image:width\" content=\"450\" \/>\n\t<meta property=\"og:image:height\" content=\"337\" \/>\n\t<meta property=\"og:image:type\" content=\"image\/jpeg\" \/>\n<meta name=\"author\" content=\"Ewa Szafranek\" \/>\n<meta name=\"twitter:card\" content=\"summary_large_image\" \/>\n<meta name=\"twitter:label1\" content=\"Napisane przez\" \/>\n\t<meta name=\"twitter:data1\" content=\"Ewa Szafranek\" \/>\n\t<meta name=\"twitter:label2\" content=\"Szacowany czas czytania\" \/>\n\t<meta name=\"twitter:data2\" content=\"2 minuty\" \/>\n<script type=\"application\/ld+json\" class=\"yoast-schema-graph\">{\"@context\":\"https:\\\/\\\/schema.org\",\"@graph\":[{\"@type\":\"Article\",\"@id\":\"https:\\\/\\\/centrumdzwoni.pl\\\/?p=898#article\",\"isPartOf\":{\"@id\":\"https:\\\/\\\/centrumdzwoni.pl\\\/?p=898\"},\"author\":{\"name\":\"Ewa Szafranek\",\"@id\":\"https:\\\/\\\/centrumdzwoni.pl\\\/#\\\/schema\\\/person\\\/ff64994dd88c82aa929bd427387b5d0c\"},\"headline\":\"Pasja do ludzi\",\"datePublished\":\"2025-11-25T12:37:09+00:00\",\"dateModified\":\"2025-11-25T12:40:09+00:00\",\"mainEntityOfPage\":{\"@id\":\"https:\\\/\\\/centrumdzwoni.pl\\\/?p=898\"},\"wordCount\":216,\"commentCount\":0,\"publisher\":{\"@id\":\"https:\\\/\\\/centrumdzwoni.pl\\\/#organization\"},\"image\":{\"@id\":\"https:\\\/\\\/centrumdzwoni.pl\\\/?p=898#primaryimage\"},\"thumbnailUrl\":\"https:\\\/\\\/centrumdzwoni.pl\\\/wp-content\\\/uploads\\\/2025\\\/11\\\/MINIATURA-NEW-DZOWNI-18.jpg\",\"inLanguage\":\"pl-PL\",\"potentialAction\":[{\"@type\":\"CommentAction\",\"name\":\"Comment\",\"target\":[\"https:\\\/\\\/centrumdzwoni.pl\\\/?p=898#respond\"]}]},{\"@type\":\"WebPage\",\"@id\":\"https:\\\/\\\/centrumdzwoni.pl\\\/?p=898\",\"url\":\"https:\\\/\\\/centrumdzwoni.pl\\\/?p=898\",\"name\":\"Pasja do ludzi - Centrum Doradztwa Zawodowego i Wspierania Os\u00f3b z Niepe\u0142nosprawno\u015bci\u0105 Intelektualn\u0105\",\"isPartOf\":{\"@id\":\"https:\\\/\\\/centrumdzwoni.pl\\\/#website\"},\"primaryImageOfPage\":{\"@id\":\"https:\\\/\\\/centrumdzwoni.pl\\\/?p=898#primaryimage\"},\"image\":{\"@id\":\"https:\\\/\\\/centrumdzwoni.pl\\\/?p=898#primaryimage\"},\"thumbnailUrl\":\"https:\\\/\\\/centrumdzwoni.pl\\\/wp-content\\\/uploads\\\/2025\\\/11\\\/MINIATURA-NEW-DZOWNI-18.jpg\",\"datePublished\":\"2025-11-25T12:37:09+00:00\",\"dateModified\":\"2025-11-25T12:40:09+00:00\",\"breadcrumb\":{\"@id\":\"https:\\\/\\\/centrumdzwoni.pl\\\/?p=898#breadcrumb\"},\"inLanguage\":\"pl-PL\",\"potentialAction\":[{\"@type\":\"ReadAction\",\"target\":[\"https:\\\/\\\/centrumdzwoni.pl\\\/?p=898\"]}]},{\"@type\":\"ImageObject\",\"inLanguage\":\"pl-PL\",\"@id\":\"https:\\\/\\\/centrumdzwoni.pl\\\/?p=898#primaryimage\",\"url\":\"https:\\\/\\\/centrumdzwoni.pl\\\/wp-content\\\/uploads\\\/2025\\\/11\\\/MINIATURA-NEW-DZOWNI-18.jpg\",\"contentUrl\":\"https:\\\/\\\/centrumdzwoni.pl\\\/wp-content\\\/uploads\\\/2025\\\/11\\\/MINIATURA-NEW-DZOWNI-18.jpg\",\"width\":450,\"height\":337},{\"@type\":\"BreadcrumbList\",\"@id\":\"https:\\\/\\\/centrumdzwoni.pl\\\/?p=898#breadcrumb\",\"itemListElement\":[{\"@type\":\"ListItem\",\"position\":1,\"name\":\"Home\",\"item\":\"https:\\\/\\\/centrumdzwoni.pl\\\/\"},{\"@type\":\"ListItem\",\"position\":2,\"name\":\"Pasja do ludzi\"}]},{\"@type\":\"WebSite\",\"@id\":\"https:\\\/\\\/centrumdzwoni.pl\\\/#website\",\"url\":\"https:\\\/\\\/centrumdzwoni.pl\\\/\",\"name\":\"Centrum Doradztwa Zawodowego i Wspierania Os\u00f3b z Niepe\u0142nosprawno\u015bci\u0105 Intelektualn\u0105\",\"description\":\"\",\"publisher\":{\"@id\":\"https:\\\/\\\/centrumdzwoni.pl\\\/#organization\"},\"potentialAction\":[{\"@type\":\"SearchAction\",\"target\":{\"@type\":\"EntryPoint\",\"urlTemplate\":\"https:\\\/\\\/centrumdzwoni.pl\\\/?s={search_term_string}\"},\"query-input\":{\"@type\":\"PropertyValueSpecification\",\"valueRequired\":true,\"valueName\":\"search_term_string\"}}],\"inLanguage\":\"pl-PL\"},{\"@type\":\"Organization\",\"@id\":\"https:\\\/\\\/centrumdzwoni.pl\\\/#organization\",\"name\":\"Centrum Doradztwa Zawodowego i Wspierania Os\u00f3b z Niepe\u0142nosprawno\u015bci\u0105 Intelektualn\u0105\",\"url\":\"https:\\\/\\\/centrumdzwoni.pl\\\/\",\"logo\":{\"@type\":\"ImageObject\",\"inLanguage\":\"pl-PL\",\"@id\":\"https:\\\/\\\/centrumdzwoni.pl\\\/#\\\/schema\\\/logo\\\/image\\\/\",\"url\":\"https:\\\/\\\/centrumdzwoni.pl\\\/wp-content\\\/uploads\\\/2025\\\/08\\\/logo-agency.png\",\"contentUrl\":\"https:\\\/\\\/centrumdzwoni.pl\\\/wp-content\\\/uploads\\\/2025\\\/08\\\/logo-agency.png\",\"width\":200,\"height\":200,\"caption\":\"Centrum Doradztwa Zawodowego i Wspierania Os\u00f3b z Niepe\u0142nosprawno\u015bci\u0105 Intelektualn\u0105\"},\"image\":{\"@id\":\"https:\\\/\\\/centrumdzwoni.pl\\\/#\\\/schema\\\/logo\\\/image\\\/\"}},{\"@type\":\"Person\",\"@id\":\"https:\\\/\\\/centrumdzwoni.pl\\\/#\\\/schema\\\/person\\\/ff64994dd88c82aa929bd427387b5d0c\",\"name\":\"Ewa Szafranek\",\"image\":{\"@type\":\"ImageObject\",\"inLanguage\":\"pl-PL\",\"@id\":\"https:\\\/\\\/secure.gravatar.com\\\/avatar\\\/2381268678139c7b16f1e1084140b3e2374c9c9b2635000c0177e42777750fde?s=96&d=mm&r=g\",\"url\":\"https:\\\/\\\/secure.gravatar.com\\\/avatar\\\/2381268678139c7b16f1e1084140b3e2374c9c9b2635000c0177e42777750fde?s=96&d=mm&r=g\",\"contentUrl\":\"https:\\\/\\\/secure.gravatar.com\\\/avatar\\\/2381268678139c7b16f1e1084140b3e2374c9c9b2635000c0177e42777750fde?s=96&d=mm&r=g\",\"caption\":\"Ewa Szafranek\"},\"url\":\"https:\\\/\\\/centrumdzwoni.pl\\\/?author=2\"}]}<\/script>\n<!-- \/ Yoast SEO plugin. -->","yoast_head_json":{"title":"Pasja do ludzi - Centrum Doradztwa Zawodowego i Wspierania Os\u00f3b z Niepe\u0142nosprawno\u015bci\u0105 Intelektualn\u0105","robots":{"index":"index","follow":"follow","max-snippet":"max-snippet:-1","max-image-preview":"max-image-preview:large","max-video-preview":"max-video-preview:-1"},"canonical":"https:\/\/centrumdzwoni.pl\/?p=898","og_locale":"pl_PL","og_type":"article","og_title":"Pasja do ludzi - Centrum Doradztwa Zawodowego i Wspierania Os\u00f3b z Niepe\u0142nosprawno\u015bci\u0105 Intelektualn\u0105","og_description":"Z przyjemno\u015bci\u0105 informujemy o naszej nowej wsp\u00f3\u0142pracy z kawiarni\u0105 Omni Kaiser, po\u0142o\u017con\u0105 w samym sercu Gdyni. Jest to miejsce tworzone z pasj\u0105, w kt\u00f3rym liczy si\u0119 nie tylko dobra kawa, ale tak\u017ce \u017cyczliwa atmosfera i otwarto\u015b\u0107 na ludzi.Od niedawna do zespo\u0142u Omni Kaiser do\u0142\u0105czy\u0142 Pan Przemek. Jego codzienne obowi\u0105zki obejmuj\u0105 zmywanie naczy\u0144, dbanie o porz\u0105dek&hellip;&nbsp;","og_url":"https:\/\/centrumdzwoni.pl\/?p=898","og_site_name":"Centrum Doradztwa Zawodowego i Wspierania Os\u00f3b z Niepe\u0142nosprawno\u015bci\u0105 Intelektualn\u0105","article_published_time":"2025-11-25T12:37:09+00:00","article_modified_time":"2025-11-25T12:40:09+00:00","og_image":[{"width":450,"height":337,"url":"https:\/\/centrumdzwoni.pl\/wp-content\/uploads\/2025\/11\/MINIATURA-NEW-DZOWNI-18.jpg","type":"image\/jpeg"}],"author":"Ewa Szafranek","twitter_card":"summary_large_image","twitter_misc":{"Napisane przez":"Ewa Szafranek","Szacowany czas czytania":"2 minuty"},"schema":{"@context":"https:\/\/schema.org","@graph":[{"@type":"Article","@id":"https:\/\/centrumdzwoni.pl\/?p=898#article","isPartOf":{"@id":"https:\/\/centrumdzwoni.pl\/?p=898"},"author":{"name":"Ewa Szafranek","@id":"https:\/\/centrumdzwoni.pl\/#\/schema\/person\/ff64994dd88c82aa929bd427387b5d0c"},"headline":"Pasja do ludzi","datePublished":"2025-11-25T12:37:09+00:00","dateModified":"2025-11-25T12:40:09+00:00","mainEntityOfPage":{"@id":"https:\/\/centrumdzwoni.pl\/?p=898"},"wordCount":216,"commentCount":0,"publisher":{"@id":"https:\/\/centrumdzwoni.pl\/#organization"},"image":{"@id":"https:\/\/centrumdzwoni.pl\/?p=898#primaryimage"},"thumbnailUrl":"https:\/\/centrumdzwoni.pl\/wp-content\/uploads\/2025\/11\/MINIATURA-NEW-DZOWNI-18.jpg","inLanguage":"pl-PL","potentialAction":[{"@type":"CommentAction","name":"Comment","target":["https:\/\/centrumdzwoni.pl\/?p=898#respond"]}]},{"@type":"WebPage","@id":"https:\/\/centrumdzwoni.pl\/?p=898","url":"https:\/\/centrumdzwoni.pl\/?p=898","name":"Pasja do ludzi - Centrum Doradztwa Zawodowego i Wspierania Os\u00f3b z Niepe\u0142nosprawno\u015bci\u0105 Intelektualn\u0105","isPartOf":{"@id":"https:\/\/centrumdzwoni.pl\/#website"},"primaryImageOfPage":{"@id":"https:\/\/centrumdzwoni.pl\/?p=898#primaryimage"},"image":{"@id":"https:\/\/centrumdzwoni.pl\/?p=898#primaryimage"},"thumbnailUrl":"https:\/\/centrumdzwoni.pl\/wp-content\/uploads\/2025\/11\/MINIATURA-NEW-DZOWNI-18.jpg","datePublished":"2025-11-25T12:37:09+00:00","dateModified":"2025-11-25T12:40:09+00:00","breadcrumb":{"@id":"https:\/\/centrumdzwoni.pl\/?p=898#breadcrumb"},"inLanguage":"pl-PL","potentialAction":[{"@type":"ReadAction","target":["https:\/\/centrumdzwoni.pl\/?p=898"]}]},{"@type":"ImageObject","inLanguage":"pl-PL","@id":"https:\/\/centrumdzwoni.pl\/?p=898#primaryimage","url":"https:\/\/centrumdzwoni.pl\/wp-content\/uploads\/2025\/11\/MINIATURA-NEW-DZOWNI-18.jpg","contentUrl":"https:\/\/centrumdzwoni.pl\/wp-content\/uploads\/2025\/11\/MINIATURA-NEW-DZOWNI-18.jpg","width":450,"height":337},{"@type":"BreadcrumbList","@id":"https:\/\/centrumdzwoni.pl\/?p=898#breadcrumb","itemListElement":[{"@type":"ListItem","position":1,"name":"Home","item":"https:\/\/centrumdzwoni.pl\/"},{"@type":"ListItem","position":2,"name":"Pasja do ludzi"}]},{"@type":"WebSite","@id":"https:\/\/centrumdzwoni.pl\/#website","url":"https:\/\/centrumdzwoni.pl\/","name":"Centrum Doradztwa Zawodowego i Wspierania Os\u00f3b z Niepe\u0142nosprawno\u015bci\u0105 Intelektualn\u0105","description":"","publisher":{"@id":"https:\/\/centrumdzwoni.pl\/#organization"},"potentialAction":[{"@type":"SearchAction","target":{"@type":"EntryPoint","urlTemplate":"https:\/\/centrumdzwoni.pl\/?s={search_term_string}"},"query-input":{"@type":"PropertyValueSpecification","valueRequired":true,"valueName":"search_term_string"}}],"inLanguage":"pl-PL"},{"@type":"Organization","@id":"https:\/\/centrumdzwoni.pl\/#organization","name":"Centrum Doradztwa Zawodowego i Wspierania Os\u00f3b z Niepe\u0142nosprawno\u015bci\u0105 Intelektualn\u0105","url":"https:\/\/centrumdzwoni.pl\/","logo":{"@type":"ImageObject","inLanguage":"pl-PL","@id":"https:\/\/centrumdzwoni.pl\/#\/schema\/logo\/image\/","url":"https:\/\/centrumdzwoni.pl\/wp-content\/uploads\/2025\/08\/logo-agency.png","contentUrl":"https:\/\/centrumdzwoni.pl\/wp-content\/uploads\/2025\/08\/logo-agency.png","width":200,"height":200,"caption":"Centrum Doradztwa Zawodowego i Wspierania Os\u00f3b z Niepe\u0142nosprawno\u015bci\u0105 Intelektualn\u0105"},"image":{"@id":"https:\/\/centrumdzwoni.pl\/#\/schema\/logo\/image\/"}},{"@type":"Person","@id":"https:\/\/centrumdzwoni.pl\/#\/schema\/person\/ff64994dd88c82aa929bd427387b5d0c","name":"Ewa Szafranek","image":{"@type":"ImageObject","inLanguage":"pl-PL","@id":"https:\/\/secure.gravatar.com\/avatar\/2381268678139c7b16f1e1084140b3e2374c9c9b2635000c0177e42777750fde?s=96&d=mm&r=g","url":"https:\/\/secure.gravatar.com\/avatar\/2381268678139c7b16f1e1084140b3e2374c9c9b2635000c0177e42777750fde?s=96&d=mm&r=g","contentUrl":"https:\/\/secure.gravatar.com\/avatar\/2381268678139c7b16f1e1084140b3e2374c9c9b2635000c0177e42777750fde?s=96&d=mm&r=g","caption":"Ewa Szafranek"},"url":"https:\/\/centrumdzwoni.pl\/?author=2"}]}},"_links":{"self":[{"href":"https:\/\/centrumdzwoni.pl\/index.php?rest_route=\/wp\/v2\/posts\/898","targetHints":{"allow":["GET"]}}],"collection":[{"href":"https:\/\/centrumdzwoni.pl\/index.php?rest_route=\/wp\/v2\/posts"}],"about":[{"href":"https:\/\/centrumdzwoni.pl\/index.php?rest_route=\/wp\/v2\/types\/post"}],"author":[{"embeddable":true,"href":"https:\/\/centrumdzwoni.pl\/index.php?rest_route=\/wp\/v2\/users\/2"}],"replies":[{"embeddable":true,"href":"https:\/\/centrumdzwoni.pl\/index.php?rest_route=%2Fwp%2Fv2%2Fcomments&post=898"}],"version-history":[{"count":4,"href":"https:\/\/centrumdzwoni.pl\/index.php?rest_route=\/wp\/v2\/posts\/898\/revisions"}],"predecessor-version":[{"id":904,"href":"https:\/\/centrumdzwoni.pl\/index.php?rest_route=\/wp\/v2\/posts\/898\/revisions\/904"}],"wp:featuredmedia":[{"embeddable":true,"href":"https:\/\/centrumdzwoni.pl\/index.php?rest_route=\/wp\/v2\/media\/900"}],"wp:attachment":[{"href":"https:\/\/centrumdzwoni.pl\/index.php?rest_route=%2Fwp%2Fv2%2Fmedia&parent=898"}],"wp:term":[{"taxonomy":"category","embeddable":true,"href":"https:\/\/centrumdzwoni.pl\/index.php?rest_route=%2Fwp%2Fv2%2Fcategories&post=898"},{"taxonomy":"post_tag","embeddable":true,"href":"https:\/\/centrumdzwoni.pl\/index.php?rest_route=%2Fwp%2Fv2%2Ftags&post=898"}],"curies":[{"name":"wp","href":"https:\/\/api.w.org\/{rel}","templated":true}]}}