{"id":972,"date":"2025-12-17T09:32:20","date_gmt":"2025-12-17T08:32:20","guid":{"rendered":"https:\/\/centrumdzwoni.pl\/?p=972"},"modified":"2025-12-17T09:36:18","modified_gmt":"2025-12-17T08:36:18","slug":"od-trudnosci-do-sukcesu-rozwoj-zawodowy-pana-wojciecha","status":"publish","type":"post","link":"https:\/\/centrumdzwoni.pl\/?p=972","title":{"rendered":"Od trudno\u015bci do sukcesu \u2013 rozw\u00f3j zawodowy pana Wojciecha"},"content":{"rendered":"\t\t<div data-elementor-type=\"wp-post\" data-elementor-id=\"972\" class=\"elementor elementor-972\">\n\t\t\t\t<div class=\"elementor-element elementor-element-e366fc5 e-flex e-con-boxed e-con e-parent\" data-id=\"e366fc5\" data-element_type=\"container\" data-e-type=\"container\">\n\t\t\t\t\t<div class=\"e-con-inner\">\n\t\t\t\t<div class=\"elementor-element elementor-element-71f1900 elementor-widget elementor-widget-text-editor\" data-id=\"71f1900\" data-element_type=\"widget\" data-e-type=\"widget\" data-widget_type=\"text-editor.default\">\n\t\t\t\t<div class=\"elementor-widget-container\">\n\t\t\t\t\t\t\t\t\t<p>Pan Wojciech od roku korzysta ze wsparcia warszawskiego Centrum DZWONI. Wcze\u015bniejsze pr\u00f3by samodzielnego zatrudnienia by\u0142y kr\u00f3tkotrwa\u0142e z powodu trudno\u015bci w komunikacji i pracy zespo\u0142owej.<br \/>Od 9 miesi\u0119cy pracuje w cukierni jako pomoc cukiernika. Do jego g\u0142\u00f3wnych zada\u0144 nale\u017cy sk\u0142adanie pude\u0142ek do ciast i ciastek. Pracodawca ceni go za szybko\u015b\u0107, sumienno\u015b\u0107 i odpowiedzialne podej\u015bcie do obowi\u0105zk\u00f3w. Praca w ma\u0142ym zespole sprzyja rozwijaniu kompetencji wsp\u00f3\u0142pracy i komunikacji.<br \/>Kluczow\u0105 rol\u0119 w utrzymaniu zatrudnienia odgrywa trenerka pracy. Regularnie wsp\u00f3\u0142pracuje z pracodawc\u0105 i wspiera pana Wojciecha w rozwi\u0105zywaniu bie\u017c\u0105cych trudno\u015bci. Zbudowanie relacji opartej na zaufaniu wymaga\u0142o czasu. Obecnie pan Wojciech sam zg\u0142asza potrzeby, informuje o trudno\u015bciach i korzysta ze wsparcia trenerskiego.<br \/>Dzi\u0119ki zatrudnieniu pan Wojciech osi\u0105ga wa\u017cne cele osobiste. Uko\u0144czy\u0142 kurs prawa jazdy i zda\u0142 egzamin praktyczny za pierwszym razem. Ma w\u0142asny samoch\u00f3d, kt\u00f3rym doje\u017cd\u017ca do pracy, skracaj\u0105c czas przejazdu o ponad 30 minut w jedn\u0105 stron\u0119. Jego praca poprawia r\u00f3wnie\u017c sytuacj\u0119 finansow\u0105 rodziny. Wspiera rodzic\u00f3w, a w domu zamontowano panele fotowoltaiczne.<br \/>Pan Wojciech jest zadowolony ze swojej pracy, a zesp\u00f3\u0142 trenerski z dum\u0105 obserwuje jego post\u0119py i osi\u0105gni\u0119cia.<\/p>\t\t\t\t\t\t\t\t<\/div>\n\t\t\t\t<\/div>\n\t\t\t\t\t<\/div>\n\t\t\t\t<\/div>\n\t\t<div class=\"elementor-element elementor-element-4829b2e e-flex e-con-boxed e-con e-parent\" data-id=\"4829b2e\" data-element_type=\"container\" data-e-type=\"container\">\n\t\t\t\t\t<div class=\"e-con-inner\">\n\t\t\t\t<div class=\"elementor-element elementor-element-2ae674d elementor-widget elementor-widget-image\" data-id=\"2ae674d\" data-element_type=\"widget\" data-e-type=\"widget\" data-widget_type=\"image.default\">\n\t\t\t\t<div class=\"elementor-widget-container\">\n\t\t\t\t\t\t\t\t\t\t\t\t\t\t\t<img fetchpriority=\"high\" decoding=\"async\" width=\"1000\" height=\"800\" src=\"https:\/\/centrumdzwoni.pl\/wp-content\/uploads\/2025\/12\/Autem-do-pracy.jpg\" class=\"attachment-full size-full wp-image-973\" alt=\"\" srcset=\"https:\/\/centrumdzwoni.pl\/wp-content\/uploads\/2025\/12\/Autem-do-pracy.jpg 1000w, https:\/\/centrumdzwoni.pl\/wp-content\/uploads\/2025\/12\/Autem-do-pracy-300x240.jpg 300w, https:\/\/centrumdzwoni.pl\/wp-content\/uploads\/2025\/12\/Autem-do-pracy-768x614.jpg 768w\" sizes=\"(max-width: 1000px) 100vw, 1000px\" \/>\t\t\t\t\t\t\t\t\t\t\t\t\t\t\t<\/div>\n\t\t\t\t<\/div>\n\t\t\t\t\t<\/div>\n\t\t\t\t<\/div>\n\t\t<div class=\"elementor-element elementor-element-a1c7e1f e-flex e-con-boxed e-con e-parent\" data-id=\"a1c7e1f\" data-element_type=\"container\" data-e-type=\"container\">\n\t\t\t\t\t<div class=\"e-con-inner\">\n\t\t\t\t<div class=\"elementor-element elementor-element-930ecd9 elementor-widget elementor-widget-image\" data-id=\"930ecd9\" data-element_type=\"widget\" data-e-type=\"widget\" data-widget_type=\"image.default\">\n\t\t\t\t<div class=\"elementor-widget-container\">\n\t\t\t\t\t\t\t\t\t\t\t\t\t\t\t<img decoding=\"async\" width=\"768\" height=\"235\" src=\"https:\/\/centrumdzwoni.pl\/wp-content\/uploads\/2025\/08\/CDZV_stopka-768x235.png\" class=\"attachment-medium_large size-medium_large wp-image-561\" alt=\"\" srcset=\"https:\/\/centrumdzwoni.pl\/wp-content\/uploads\/2025\/08\/CDZV_stopka-768x235.png 768w, https:\/\/centrumdzwoni.pl\/wp-content\/uploads\/2025\/08\/CDZV_stopka-300x92.png 300w, https:\/\/centrumdzwoni.pl\/wp-content\/uploads\/2025\/08\/CDZV_stopka-1024x313.png 1024w, https:\/\/centrumdzwoni.pl\/wp-content\/uploads\/2025\/08\/CDZV_stopka-1536x469.png 1536w, https:\/\/centrumdzwoni.pl\/wp-content\/uploads\/2025\/08\/CDZV_stopka-2048x625.png 2048w\" sizes=\"(max-width: 768px) 100vw, 768px\" \/>\t\t\t\t\t\t\t\t\t\t\t\t\t\t\t<\/div>\n\t\t\t\t<\/div>\n\t\t\t\t\t<\/div>\n\t\t\t\t<\/div>\n\t\t\t\t<\/div>\n\t\t","protected":false},"excerpt":{"rendered":"<p>Pan Wojciech od roku korzysta ze wsparcia warszawskiego Centrum DZWONI. Wcze\u015bniejsze pr\u00f3by samodzielnego zatrudnienia by\u0142y kr\u00f3tkotrwa\u0142e z powodu trudno\u015bci w komunikacji i pracy zespo\u0142owej.Od 9 miesi\u0119cy pracuje w cukierni jako pomoc cukiernika. Do jego g\u0142\u00f3wnych zada\u0144 nale\u017cy sk\u0142adanie pude\u0142ek do ciast i ciastek. Pracodawca ceni go za szybko\u015b\u0107, sumienno\u015b\u0107 i odpowiedzialne podej\u015bcie do obowi\u0105zk\u00f3w. Praca&hellip;&nbsp;<\/p>\n","protected":false},"author":2,"featured_media":974,"comment_status":"open","ping_status":"open","sticky":false,"template":"","format":"standard","meta":{"neve_meta_sidebar":"full-width","neve_meta_container":"contained","neve_meta_enable_content_width":"","neve_meta_content_width":0,"neve_meta_title_alignment":"","neve_meta_author_avatar":"","neve_post_elements_order":"[\"title\",\"content\"]","neve_meta_disable_header":"","neve_meta_disable_footer":"","neve_meta_disable_title":"","footnotes":""},"categories":[1],"tags":[],"class_list":["post-972","post","type-post","status-publish","format-standard","has-post-thumbnail","hentry","category-bez-kategorii"],"yoast_head":"<!-- This site is optimized with the Yoast SEO plugin v27.5 - https:\/\/yoast.com\/product\/yoast-seo-wordpress\/ -->\n<title>Od trudno\u015bci do sukcesu \u2013 rozw\u00f3j zawodowy pana Wojciecha - Centrum Doradztwa Zawodowego i Wspierania Os\u00f3b z Niepe\u0142nosprawno\u015bci\u0105 Intelektualn\u0105<\/title>\n<meta name=\"robots\" content=\"index, follow, max-snippet:-1, max-image-preview:large, max-video-preview:-1\" \/>\n<link rel=\"canonical\" href=\"https:\/\/centrumdzwoni.pl\/?p=972\" \/>\n<meta property=\"og:locale\" content=\"pl_PL\" \/>\n<meta property=\"og:type\" content=\"article\" \/>\n<meta property=\"og:title\" content=\"Od trudno\u015bci do sukcesu \u2013 rozw\u00f3j zawodowy pana Wojciecha - Centrum Doradztwa Zawodowego i Wspierania Os\u00f3b z Niepe\u0142nosprawno\u015bci\u0105 Intelektualn\u0105\" \/>\n<meta property=\"og:description\" content=\"Pan Wojciech od roku korzysta ze wsparcia warszawskiego Centrum DZWONI. Wcze\u015bniejsze pr\u00f3by samodzielnego zatrudnienia by\u0142y kr\u00f3tkotrwa\u0142e z powodu trudno\u015bci w komunikacji i pracy zespo\u0142owej.Od 9 miesi\u0119cy pracuje w cukierni jako pomoc cukiernika. Do jego g\u0142\u00f3wnych zada\u0144 nale\u017cy sk\u0142adanie pude\u0142ek do ciast i ciastek. Pracodawca ceni go za szybko\u015b\u0107, sumienno\u015b\u0107 i odpowiedzialne podej\u015bcie do obowi\u0105zk\u00f3w. Praca&hellip;&nbsp;\" \/>\n<meta property=\"og:url\" content=\"https:\/\/centrumdzwoni.pl\/?p=972\" \/>\n<meta property=\"og:site_name\" content=\"Centrum Doradztwa Zawodowego i Wspierania Os\u00f3b z Niepe\u0142nosprawno\u015bci\u0105 Intelektualn\u0105\" \/>\n<meta property=\"article:published_time\" content=\"2025-12-17T08:32:20+00:00\" \/>\n<meta property=\"article:modified_time\" content=\"2025-12-17T08:36:18+00:00\" \/>\n<meta property=\"og:image\" content=\"https:\/\/centrumdzwoni.pl\/wp-content\/uploads\/2025\/12\/MINIATURA-NEW-DZOWNI.jpg\" \/>\n\t<meta property=\"og:image:width\" content=\"450\" \/>\n\t<meta property=\"og:image:height\" content=\"337\" \/>\n\t<meta property=\"og:image:type\" content=\"image\/jpeg\" \/>\n<meta name=\"author\" content=\"Ewa Szafranek\" \/>\n<meta name=\"twitter:card\" content=\"summary_large_image\" \/>\n<meta name=\"twitter:label1\" content=\"Napisane przez\" \/>\n\t<meta name=\"twitter:data1\" content=\"Ewa Szafranek\" \/>\n\t<meta name=\"twitter:label2\" content=\"Szacowany czas czytania\" \/>\n\t<meta name=\"twitter:data2\" content=\"2 minuty\" \/>\n<script type=\"application\/ld+json\" class=\"yoast-schema-graph\">{\"@context\":\"https:\\\/\\\/schema.org\",\"@graph\":[{\"@type\":\"Article\",\"@id\":\"https:\\\/\\\/centrumdzwoni.pl\\\/?p=972#article\",\"isPartOf\":{\"@id\":\"https:\\\/\\\/centrumdzwoni.pl\\\/?p=972\"},\"author\":{\"name\":\"Ewa Szafranek\",\"@id\":\"https:\\\/\\\/centrumdzwoni.pl\\\/#\\\/schema\\\/person\\\/ff64994dd88c82aa929bd427387b5d0c\"},\"headline\":\"Od trudno\u015bci do sukcesu \u2013 rozw\u00f3j zawodowy pana Wojciecha\",\"datePublished\":\"2025-12-17T08:32:20+00:00\",\"dateModified\":\"2025-12-17T08:36:18+00:00\",\"mainEntityOfPage\":{\"@id\":\"https:\\\/\\\/centrumdzwoni.pl\\\/?p=972\"},\"wordCount\":221,\"commentCount\":0,\"publisher\":{\"@id\":\"https:\\\/\\\/centrumdzwoni.pl\\\/#organization\"},\"image\":{\"@id\":\"https:\\\/\\\/centrumdzwoni.pl\\\/?p=972#primaryimage\"},\"thumbnailUrl\":\"https:\\\/\\\/centrumdzwoni.pl\\\/wp-content\\\/uploads\\\/2025\\\/12\\\/MINIATURA-NEW-DZOWNI.jpg\",\"inLanguage\":\"pl-PL\",\"potentialAction\":[{\"@type\":\"CommentAction\",\"name\":\"Comment\",\"target\":[\"https:\\\/\\\/centrumdzwoni.pl\\\/?p=972#respond\"]}]},{\"@type\":\"WebPage\",\"@id\":\"https:\\\/\\\/centrumdzwoni.pl\\\/?p=972\",\"url\":\"https:\\\/\\\/centrumdzwoni.pl\\\/?p=972\",\"name\":\"Od trudno\u015bci do sukcesu \u2013 rozw\u00f3j zawodowy pana Wojciecha - Centrum Doradztwa Zawodowego i Wspierania Os\u00f3b z Niepe\u0142nosprawno\u015bci\u0105 Intelektualn\u0105\",\"isPartOf\":{\"@id\":\"https:\\\/\\\/centrumdzwoni.pl\\\/#website\"},\"primaryImageOfPage\":{\"@id\":\"https:\\\/\\\/centrumdzwoni.pl\\\/?p=972#primaryimage\"},\"image\":{\"@id\":\"https:\\\/\\\/centrumdzwoni.pl\\\/?p=972#primaryimage\"},\"thumbnailUrl\":\"https:\\\/\\\/centrumdzwoni.pl\\\/wp-content\\\/uploads\\\/2025\\\/12\\\/MINIATURA-NEW-DZOWNI.jpg\",\"datePublished\":\"2025-12-17T08:32:20+00:00\",\"dateModified\":\"2025-12-17T08:36:18+00:00\",\"breadcrumb\":{\"@id\":\"https:\\\/\\\/centrumdzwoni.pl\\\/?p=972#breadcrumb\"},\"inLanguage\":\"pl-PL\",\"potentialAction\":[{\"@type\":\"ReadAction\",\"target\":[\"https:\\\/\\\/centrumdzwoni.pl\\\/?p=972\"]}]},{\"@type\":\"ImageObject\",\"inLanguage\":\"pl-PL\",\"@id\":\"https:\\\/\\\/centrumdzwoni.pl\\\/?p=972#primaryimage\",\"url\":\"https:\\\/\\\/centrumdzwoni.pl\\\/wp-content\\\/uploads\\\/2025\\\/12\\\/MINIATURA-NEW-DZOWNI.jpg\",\"contentUrl\":\"https:\\\/\\\/centrumdzwoni.pl\\\/wp-content\\\/uploads\\\/2025\\\/12\\\/MINIATURA-NEW-DZOWNI.jpg\",\"width\":450,\"height\":337},{\"@type\":\"BreadcrumbList\",\"@id\":\"https:\\\/\\\/centrumdzwoni.pl\\\/?p=972#breadcrumb\",\"itemListElement\":[{\"@type\":\"ListItem\",\"position\":1,\"name\":\"Home\",\"item\":\"https:\\\/\\\/centrumdzwoni.pl\\\/\"},{\"@type\":\"ListItem\",\"position\":2,\"name\":\"Od trudno\u015bci do sukcesu \u2013 rozw\u00f3j zawodowy pana Wojciecha\"}]},{\"@type\":\"WebSite\",\"@id\":\"https:\\\/\\\/centrumdzwoni.pl\\\/#website\",\"url\":\"https:\\\/\\\/centrumdzwoni.pl\\\/\",\"name\":\"Centrum Doradztwa Zawodowego i Wspierania Os\u00f3b z Niepe\u0142nosprawno\u015bci\u0105 Intelektualn\u0105\",\"description\":\"\",\"publisher\":{\"@id\":\"https:\\\/\\\/centrumdzwoni.pl\\\/#organization\"},\"potentialAction\":[{\"@type\":\"SearchAction\",\"target\":{\"@type\":\"EntryPoint\",\"urlTemplate\":\"https:\\\/\\\/centrumdzwoni.pl\\\/?s={search_term_string}\"},\"query-input\":{\"@type\":\"PropertyValueSpecification\",\"valueRequired\":true,\"valueName\":\"search_term_string\"}}],\"inLanguage\":\"pl-PL\"},{\"@type\":\"Organization\",\"@id\":\"https:\\\/\\\/centrumdzwoni.pl\\\/#organization\",\"name\":\"Centrum Doradztwa Zawodowego i Wspierania Os\u00f3b z Niepe\u0142nosprawno\u015bci\u0105 Intelektualn\u0105\",\"url\":\"https:\\\/\\\/centrumdzwoni.pl\\\/\",\"logo\":{\"@type\":\"ImageObject\",\"inLanguage\":\"pl-PL\",\"@id\":\"https:\\\/\\\/centrumdzwoni.pl\\\/#\\\/schema\\\/logo\\\/image\\\/\",\"url\":\"https:\\\/\\\/centrumdzwoni.pl\\\/wp-content\\\/uploads\\\/2025\\\/08\\\/logo-agency.png\",\"contentUrl\":\"https:\\\/\\\/centrumdzwoni.pl\\\/wp-content\\\/uploads\\\/2025\\\/08\\\/logo-agency.png\",\"width\":200,\"height\":200,\"caption\":\"Centrum Doradztwa Zawodowego i Wspierania Os\u00f3b z Niepe\u0142nosprawno\u015bci\u0105 Intelektualn\u0105\"},\"image\":{\"@id\":\"https:\\\/\\\/centrumdzwoni.pl\\\/#\\\/schema\\\/logo\\\/image\\\/\"}},{\"@type\":\"Person\",\"@id\":\"https:\\\/\\\/centrumdzwoni.pl\\\/#\\\/schema\\\/person\\\/ff64994dd88c82aa929bd427387b5d0c\",\"name\":\"Ewa Szafranek\",\"image\":{\"@type\":\"ImageObject\",\"inLanguage\":\"pl-PL\",\"@id\":\"https:\\\/\\\/secure.gravatar.com\\\/avatar\\\/2381268678139c7b16f1e1084140b3e2374c9c9b2635000c0177e42777750fde?s=96&d=mm&r=g\",\"url\":\"https:\\\/\\\/secure.gravatar.com\\\/avatar\\\/2381268678139c7b16f1e1084140b3e2374c9c9b2635000c0177e42777750fde?s=96&d=mm&r=g\",\"contentUrl\":\"https:\\\/\\\/secure.gravatar.com\\\/avatar\\\/2381268678139c7b16f1e1084140b3e2374c9c9b2635000c0177e42777750fde?s=96&d=mm&r=g\",\"caption\":\"Ewa Szafranek\"},\"url\":\"https:\\\/\\\/centrumdzwoni.pl\\\/?author=2\"}]}<\/script>\n<!-- \/ Yoast SEO plugin. -->","yoast_head_json":{"title":"Od trudno\u015bci do sukcesu \u2013 rozw\u00f3j zawodowy pana Wojciecha - Centrum Doradztwa Zawodowego i Wspierania Os\u00f3b z Niepe\u0142nosprawno\u015bci\u0105 Intelektualn\u0105","robots":{"index":"index","follow":"follow","max-snippet":"max-snippet:-1","max-image-preview":"max-image-preview:large","max-video-preview":"max-video-preview:-1"},"canonical":"https:\/\/centrumdzwoni.pl\/?p=972","og_locale":"pl_PL","og_type":"article","og_title":"Od trudno\u015bci do sukcesu \u2013 rozw\u00f3j zawodowy pana Wojciecha - Centrum Doradztwa Zawodowego i Wspierania Os\u00f3b z Niepe\u0142nosprawno\u015bci\u0105 Intelektualn\u0105","og_description":"Pan Wojciech od roku korzysta ze wsparcia warszawskiego Centrum DZWONI. Wcze\u015bniejsze pr\u00f3by samodzielnego zatrudnienia by\u0142y kr\u00f3tkotrwa\u0142e z powodu trudno\u015bci w komunikacji i pracy zespo\u0142owej.Od 9 miesi\u0119cy pracuje w cukierni jako pomoc cukiernika. Do jego g\u0142\u00f3wnych zada\u0144 nale\u017cy sk\u0142adanie pude\u0142ek do ciast i ciastek. Pracodawca ceni go za szybko\u015b\u0107, sumienno\u015b\u0107 i odpowiedzialne podej\u015bcie do obowi\u0105zk\u00f3w. Praca&hellip;&nbsp;","og_url":"https:\/\/centrumdzwoni.pl\/?p=972","og_site_name":"Centrum Doradztwa Zawodowego i Wspierania Os\u00f3b z Niepe\u0142nosprawno\u015bci\u0105 Intelektualn\u0105","article_published_time":"2025-12-17T08:32:20+00:00","article_modified_time":"2025-12-17T08:36:18+00:00","og_image":[{"width":450,"height":337,"url":"https:\/\/centrumdzwoni.pl\/wp-content\/uploads\/2025\/12\/MINIATURA-NEW-DZOWNI.jpg","type":"image\/jpeg"}],"author":"Ewa Szafranek","twitter_card":"summary_large_image","twitter_misc":{"Napisane przez":"Ewa Szafranek","Szacowany czas czytania":"2 minuty"},"schema":{"@context":"https:\/\/schema.org","@graph":[{"@type":"Article","@id":"https:\/\/centrumdzwoni.pl\/?p=972#article","isPartOf":{"@id":"https:\/\/centrumdzwoni.pl\/?p=972"},"author":{"name":"Ewa Szafranek","@id":"https:\/\/centrumdzwoni.pl\/#\/schema\/person\/ff64994dd88c82aa929bd427387b5d0c"},"headline":"Od trudno\u015bci do sukcesu \u2013 rozw\u00f3j zawodowy pana Wojciecha","datePublished":"2025-12-17T08:32:20+00:00","dateModified":"2025-12-17T08:36:18+00:00","mainEntityOfPage":{"@id":"https:\/\/centrumdzwoni.pl\/?p=972"},"wordCount":221,"commentCount":0,"publisher":{"@id":"https:\/\/centrumdzwoni.pl\/#organization"},"image":{"@id":"https:\/\/centrumdzwoni.pl\/?p=972#primaryimage"},"thumbnailUrl":"https:\/\/centrumdzwoni.pl\/wp-content\/uploads\/2025\/12\/MINIATURA-NEW-DZOWNI.jpg","inLanguage":"pl-PL","potentialAction":[{"@type":"CommentAction","name":"Comment","target":["https:\/\/centrumdzwoni.pl\/?p=972#respond"]}]},{"@type":"WebPage","@id":"https:\/\/centrumdzwoni.pl\/?p=972","url":"https:\/\/centrumdzwoni.pl\/?p=972","name":"Od trudno\u015bci do sukcesu \u2013 rozw\u00f3j zawodowy pana Wojciecha - Centrum Doradztwa Zawodowego i Wspierania Os\u00f3b z Niepe\u0142nosprawno\u015bci\u0105 Intelektualn\u0105","isPartOf":{"@id":"https:\/\/centrumdzwoni.pl\/#website"},"primaryImageOfPage":{"@id":"https:\/\/centrumdzwoni.pl\/?p=972#primaryimage"},"image":{"@id":"https:\/\/centrumdzwoni.pl\/?p=972#primaryimage"},"thumbnailUrl":"https:\/\/centrumdzwoni.pl\/wp-content\/uploads\/2025\/12\/MINIATURA-NEW-DZOWNI.jpg","datePublished":"2025-12-17T08:32:20+00:00","dateModified":"2025-12-17T08:36:18+00:00","breadcrumb":{"@id":"https:\/\/centrumdzwoni.pl\/?p=972#breadcrumb"},"inLanguage":"pl-PL","potentialAction":[{"@type":"ReadAction","target":["https:\/\/centrumdzwoni.pl\/?p=972"]}]},{"@type":"ImageObject","inLanguage":"pl-PL","@id":"https:\/\/centrumdzwoni.pl\/?p=972#primaryimage","url":"https:\/\/centrumdzwoni.pl\/wp-content\/uploads\/2025\/12\/MINIATURA-NEW-DZOWNI.jpg","contentUrl":"https:\/\/centrumdzwoni.pl\/wp-content\/uploads\/2025\/12\/MINIATURA-NEW-DZOWNI.jpg","width":450,"height":337},{"@type":"BreadcrumbList","@id":"https:\/\/centrumdzwoni.pl\/?p=972#breadcrumb","itemListElement":[{"@type":"ListItem","position":1,"name":"Home","item":"https:\/\/centrumdzwoni.pl\/"},{"@type":"ListItem","position":2,"name":"Od trudno\u015bci do sukcesu \u2013 rozw\u00f3j zawodowy pana Wojciecha"}]},{"@type":"WebSite","@id":"https:\/\/centrumdzwoni.pl\/#website","url":"https:\/\/centrumdzwoni.pl\/","name":"Centrum Doradztwa Zawodowego i Wspierania Os\u00f3b z Niepe\u0142nosprawno\u015bci\u0105 Intelektualn\u0105","description":"","publisher":{"@id":"https:\/\/centrumdzwoni.pl\/#organization"},"potentialAction":[{"@type":"SearchAction","target":{"@type":"EntryPoint","urlTemplate":"https:\/\/centrumdzwoni.pl\/?s={search_term_string}"},"query-input":{"@type":"PropertyValueSpecification","valueRequired":true,"valueName":"search_term_string"}}],"inLanguage":"pl-PL"},{"@type":"Organization","@id":"https:\/\/centrumdzwoni.pl\/#organization","name":"Centrum Doradztwa Zawodowego i Wspierania Os\u00f3b z Niepe\u0142nosprawno\u015bci\u0105 Intelektualn\u0105","url":"https:\/\/centrumdzwoni.pl\/","logo":{"@type":"ImageObject","inLanguage":"pl-PL","@id":"https:\/\/centrumdzwoni.pl\/#\/schema\/logo\/image\/","url":"https:\/\/centrumdzwoni.pl\/wp-content\/uploads\/2025\/08\/logo-agency.png","contentUrl":"https:\/\/centrumdzwoni.pl\/wp-content\/uploads\/2025\/08\/logo-agency.png","width":200,"height":200,"caption":"Centrum Doradztwa Zawodowego i Wspierania Os\u00f3b z Niepe\u0142nosprawno\u015bci\u0105 Intelektualn\u0105"},"image":{"@id":"https:\/\/centrumdzwoni.pl\/#\/schema\/logo\/image\/"}},{"@type":"Person","@id":"https:\/\/centrumdzwoni.pl\/#\/schema\/person\/ff64994dd88c82aa929bd427387b5d0c","name":"Ewa Szafranek","image":{"@type":"ImageObject","inLanguage":"pl-PL","@id":"https:\/\/secure.gravatar.com\/avatar\/2381268678139c7b16f1e1084140b3e2374c9c9b2635000c0177e42777750fde?s=96&d=mm&r=g","url":"https:\/\/secure.gravatar.com\/avatar\/2381268678139c7b16f1e1084140b3e2374c9c9b2635000c0177e42777750fde?s=96&d=mm&r=g","contentUrl":"https:\/\/secure.gravatar.com\/avatar\/2381268678139c7b16f1e1084140b3e2374c9c9b2635000c0177e42777750fde?s=96&d=mm&r=g","caption":"Ewa Szafranek"},"url":"https:\/\/centrumdzwoni.pl\/?author=2"}]}},"_links":{"self":[{"href":"https:\/\/centrumdzwoni.pl\/index.php?rest_route=\/wp\/v2\/posts\/972","targetHints":{"allow":["GET"]}}],"collection":[{"href":"https:\/\/centrumdzwoni.pl\/index.php?rest_route=\/wp\/v2\/posts"}],"about":[{"href":"https:\/\/centrumdzwoni.pl\/index.php?rest_route=\/wp\/v2\/types\/post"}],"author":[{"embeddable":true,"href":"https:\/\/centrumdzwoni.pl\/index.php?rest_route=\/wp\/v2\/users\/2"}],"replies":[{"embeddable":true,"href":"https:\/\/centrumdzwoni.pl\/index.php?rest_route=%2Fwp%2Fv2%2Fcomments&post=972"}],"version-history":[{"count":4,"href":"https:\/\/centrumdzwoni.pl\/index.php?rest_route=\/wp\/v2\/posts\/972\/revisions"}],"predecessor-version":[{"id":978,"href":"https:\/\/centrumdzwoni.pl\/index.php?rest_route=\/wp\/v2\/posts\/972\/revisions\/978"}],"wp:featuredmedia":[{"embeddable":true,"href":"https:\/\/centrumdzwoni.pl\/index.php?rest_route=\/wp\/v2\/media\/974"}],"wp:attachment":[{"href":"https:\/\/centrumdzwoni.pl\/index.php?rest_route=%2Fwp%2Fv2%2Fmedia&parent=972"}],"wp:term":[{"taxonomy":"category","embeddable":true,"href":"https:\/\/centrumdzwoni.pl\/index.php?rest_route=%2Fwp%2Fv2%2Fcategories&post=972"},{"taxonomy":"post_tag","embeddable":true,"href":"https:\/\/centrumdzwoni.pl\/index.php?rest_route=%2Fwp%2Fv2%2Ftags&post=972"}],"curies":[{"name":"wp","href":"https:\/\/api.w.org\/{rel}","templated":true}]}}